{"id":400,"date":"2021-08-09T08:32:08","date_gmt":"2021-08-09T11:32:08","guid":{"rendered":"https:\/\/www.escuelaisrael927.cl\/wordpress\/?p=400"},"modified":"2024-03-20T15:28:14","modified_gmt":"2024-03-20T18:28:14","slug":"reingreso-a-las-aulas-2021-alumnos-octavo-y-septimo-basico","status":"publish","type":"post","link":"https:\/\/www.escuelaisrael927.cl\/wordpress\/index.php\/2021\/08\/09\/reingreso-a-las-aulas-2021-alumnos-octavo-y-septimo-basico\/","title":{"rendered":"REINGRESO A LAS AULAS 2021 ALUMNOS OCTAVO Y SEPTIMO BASICO"},"content":{"rendered":"\n<p>E<span style=\"color:#007acc\" class=\"tadv-color\">stamos muy contentos de tenerlos de vuelta, despu\u00e9s de mas de 1 a\u00f1o sin verlos, aqu\u00ed unas lindas im\u00e1genes del ingreso de hoy de nuestros alumnos de s\u00e9ptimo y octavo b\u00e1sico, siempre tomando todas las medidas necesarias contra el covid, para un regreso progresivo y seguro a nuestras aulas, as\u00ed como tambi\u00e9n les damos un fraternal y cari\u00f1oso saludo por el d\u00eda del ni\u00f1o, espero lo hayan pasado excelente toda nuestra comunidad escolar.<\/span><\/p>\n\n\n\n<figure class=\"wp-block-gallery has-nested-images columns-default is-cropped wp-block-gallery-1 is-layout-flex wp-block-gallery-is-layout-flex\">\n<figure class=\"wp-block-image size-large is-style-default\"><a href=\"https:\/\/www.escuelaisrael927.cl\/wordpress\/wp-content\/uploads\/2021\/09\/WhatsApp-Image-2021-08-09-at-10.04.17-1.jpeg\"><img fetchpriority=\"high\" decoding=\"async\" width=\"1024\" height=\"1024\" data-id=\"407\" src=\"https:\/\/www.escuelaisrael927.cl\/wordpress\/wp-content\/uploads\/2021\/09\/WhatsApp-Image-2021-08-09-at-10.04.17-1-1024x1024.jpeg\" alt=\"\" class=\"wp-image-407\" srcset=\"https:\/\/www.escuelaisrael927.cl\/wordpress\/wp-content\/uploads\/2021\/09\/WhatsApp-Image-2021-08-09-at-10.04.17-1-1024x1024.jpeg 1024w, https:\/\/www.escuelaisrael927.cl\/wordpress\/wp-content\/uploads\/2021\/09\/WhatsApp-Image-2021-08-09-at-10.04.17-1-300x300.jpeg 300w, https:\/\/www.escuelaisrael927.cl\/wordpress\/wp-content\/uploads\/2021\/09\/WhatsApp-Image-2021-08-09-at-10.04.17-1-150x150.jpeg 150w, https:\/\/www.escuelaisrael927.cl\/wordpress\/wp-content\/uploads\/2021\/09\/WhatsApp-Image-2021-08-09-at-10.04.17-1-768x768.jpeg 768w, https:\/\/www.escuelaisrael927.cl\/wordpress\/wp-content\/uploads\/2021\/09\/WhatsApp-Image-2021-08-09-at-10.04.17-1-1536x1536.jpeg 1536w, https:\/\/www.escuelaisrael927.cl\/wordpress\/wp-content\/uploads\/2021\/09\/WhatsApp-Image-2021-08-09-at-10.04.17-1.jpeg 1564w\" sizes=\"(max-width: 1024px) 100vw, 1024px\" \/><\/a><\/figure>\n\n\n\n<figure class=\"wp-block-image size-large is-style-default\"><a href=\"https:\/\/www.escuelaisrael927.cl\/wordpress\/wp-content\/uploads\/2021\/09\/WhatsApp-Image-2021-08-09-at-10.04.18-1-1.jpeg\"><img decoding=\"async\" width=\"1024\" height=\"768\" data-id=\"408\" src=\"https:\/\/www.escuelaisrael927.cl\/wordpress\/wp-content\/uploads\/2021\/09\/WhatsApp-Image-2021-08-09-at-10.04.18-1-1-1024x768.jpeg\" alt=\"\" class=\"wp-image-408\" srcset=\"https:\/\/www.escuelaisrael927.cl\/wordpress\/wp-content\/uploads\/2021\/09\/WhatsApp-Image-2021-08-09-at-10.04.18-1-1-1024x768.jpeg 1024w, https:\/\/www.escuelaisrael927.cl\/wordpress\/wp-content\/uploads\/2021\/09\/WhatsApp-Image-2021-08-09-at-10.04.18-1-1-300x225.jpeg 300w, https:\/\/www.escuelaisrael927.cl\/wordpress\/wp-content\/uploads\/2021\/09\/WhatsApp-Image-2021-08-09-at-10.04.18-1-1-768x576.jpeg 768w, https:\/\/www.escuelaisrael927.cl\/wordpress\/wp-content\/uploads\/2021\/09\/WhatsApp-Image-2021-08-09-at-10.04.18-1-1-1536x1152.jpeg 1536w, https:\/\/www.escuelaisrael927.cl\/wordpress\/wp-content\/uploads\/2021\/09\/WhatsApp-Image-2021-08-09-at-10.04.18-1-1-400x300.jpeg 400w, https:\/\/www.escuelaisrael927.cl\/wordpress\/wp-content\/uploads\/2021\/09\/WhatsApp-Image-2021-08-09-at-10.04.18-1-1.jpeg 1600w\" sizes=\"(max-width: 1024px) 100vw, 1024px\" \/><\/a><\/figure>\n\n\n\n<figure class=\"wp-block-image size-large is-style-default\"><a href=\"https:\/\/www.escuelaisrael927.cl\/wordpress\/wp-content\/uploads\/2021\/09\/WhatsApp-Image-2021-08-09-at-10.04.18-2-1.jpeg\"><img decoding=\"async\" width=\"1024\" height=\"768\" data-id=\"409\" src=\"https:\/\/www.escuelaisrael927.cl\/wordpress\/wp-content\/uploads\/2021\/09\/WhatsApp-Image-2021-08-09-at-10.04.18-2-1-1024x768.jpeg\" alt=\"\" class=\"wp-image-409\" srcset=\"https:\/\/www.escuelaisrael927.cl\/wordpress\/wp-content\/uploads\/2021\/09\/WhatsApp-Image-2021-08-09-at-10.04.18-2-1-1024x768.jpeg 1024w, https:\/\/www.escuelaisrael927.cl\/wordpress\/wp-content\/uploads\/2021\/09\/WhatsApp-Image-2021-08-09-at-10.04.18-2-1-300x225.jpeg 300w, https:\/\/www.escuelaisrael927.cl\/wordpress\/wp-content\/uploads\/2021\/09\/WhatsApp-Image-2021-08-09-at-10.04.18-2-1-768x576.jpeg 768w, https:\/\/www.escuelaisrael927.cl\/wordpress\/wp-content\/uploads\/2021\/09\/WhatsApp-Image-2021-08-09-at-10.04.18-2-1-1536x1152.jpeg 1536w, https:\/\/www.escuelaisrael927.cl\/wordpress\/wp-content\/uploads\/2021\/09\/WhatsApp-Image-2021-08-09-at-10.04.18-2-1-400x300.jpeg 400w, https:\/\/www.escuelaisrael927.cl\/wordpress\/wp-content\/uploads\/2021\/09\/WhatsApp-Image-2021-08-09-at-10.04.18-2-1.jpeg 1600w\" sizes=\"(max-width: 1024px) 100vw, 1024px\" \/><\/a><\/figure>\n\n\n\n<figure class=\"wp-block-image size-large is-style-default\"><a href=\"https:\/\/www.escuelaisrael927.cl\/wordpress\/wp-content\/uploads\/2021\/09\/WhatsApp-Image-2021-08-09-at-10.04.18-3.jpeg\"><img loading=\"lazy\" decoding=\"async\" width=\"1024\" height=\"768\" data-id=\"410\" src=\"https:\/\/www.escuelaisrael927.cl\/wordpress\/wp-content\/uploads\/2021\/09\/WhatsApp-Image-2021-08-09-at-10.04.18-3-1024x768.jpeg\" alt=\"\" class=\"wp-image-410\" srcset=\"https:\/\/www.escuelaisrael927.cl\/wordpress\/wp-content\/uploads\/2021\/09\/WhatsApp-Image-2021-08-09-at-10.04.18-3-1024x768.jpeg 1024w, https:\/\/www.escuelaisrael927.cl\/wordpress\/wp-content\/uploads\/2021\/09\/WhatsApp-Image-2021-08-09-at-10.04.18-3-300x225.jpeg 300w, https:\/\/www.escuelaisrael927.cl\/wordpress\/wp-content\/uploads\/2021\/09\/WhatsApp-Image-2021-08-09-at-10.04.18-3-768x576.jpeg 768w, https:\/\/www.escuelaisrael927.cl\/wordpress\/wp-content\/uploads\/2021\/09\/WhatsApp-Image-2021-08-09-at-10.04.18-3-1536x1152.jpeg 1536w, https:\/\/www.escuelaisrael927.cl\/wordpress\/wp-content\/uploads\/2021\/09\/WhatsApp-Image-2021-08-09-at-10.04.18-3-400x300.jpeg 400w, https:\/\/www.escuelaisrael927.cl\/wordpress\/wp-content\/uploads\/2021\/09\/WhatsApp-Image-2021-08-09-at-10.04.18-3.jpeg 1600w\" sizes=\"(max-width: 1024px) 100vw, 1024px\" \/><\/a><\/figure>\n\n\n\n<figure class=\"wp-block-image size-large is-style-default\"><a href=\"https:\/\/www.escuelaisrael927.cl\/wordpress\/wp-content\/uploads\/2021\/09\/WhatsApp-Image-2021-08-09-at-10.04.19-1.jpeg\"><img loading=\"lazy\" decoding=\"async\" width=\"1024\" height=\"768\" data-id=\"411\" src=\"https:\/\/www.escuelaisrael927.cl\/wordpress\/wp-content\/uploads\/2021\/09\/WhatsApp-Image-2021-08-09-at-10.04.19-1-1024x768.jpeg\" alt=\"\" class=\"wp-image-411\" srcset=\"https:\/\/www.escuelaisrael927.cl\/wordpress\/wp-content\/uploads\/2021\/09\/WhatsApp-Image-2021-08-09-at-10.04.19-1-1024x768.jpeg 1024w, https:\/\/www.escuelaisrael927.cl\/wordpress\/wp-content\/uploads\/2021\/09\/WhatsApp-Image-2021-08-09-at-10.04.19-1-300x225.jpeg 300w, https:\/\/www.escuelaisrael927.cl\/wordpress\/wp-content\/uploads\/2021\/09\/WhatsApp-Image-2021-08-09-at-10.04.19-1-768x576.jpeg 768w, https:\/\/www.escuelaisrael927.cl\/wordpress\/wp-content\/uploads\/2021\/09\/WhatsApp-Image-2021-08-09-at-10.04.19-1-1536x1152.jpeg 1536w, https:\/\/www.escuelaisrael927.cl\/wordpress\/wp-content\/uploads\/2021\/09\/WhatsApp-Image-2021-08-09-at-10.04.19-1-400x300.jpeg 400w, https:\/\/www.escuelaisrael927.cl\/wordpress\/wp-content\/uploads\/2021\/09\/WhatsApp-Image-2021-08-09-at-10.04.19-1.jpeg 1600w\" sizes=\"(max-width: 1024px) 100vw, 1024px\" \/><\/a><\/figure>\n<\/figure>\n","protected":false},"excerpt":{"rendered":"<p>Estamos muy contentos de tenerlos de vuelta, despu\u00e9s de mas de 1 a\u00f1o sin verlos, aqu\u00ed unas lindas im\u00e1genes del ingreso de hoy de nuestros alumnos de s\u00e9ptimo y octavo b\u00e1sico, siempre tomando todas las medidas necesarias contra el covid, para un regreso progresivo y seguro a nuestras aulas, as\u00ed como tambi\u00e9n les damos un [&hellip;]<\/p>\n","protected":false},"author":1,"featured_media":402,"comment_status":"closed","ping_status":"closed","sticky":false,"template":"","format":"standard","meta":{"footnotes":""},"categories":[4],"tags":[],"class_list":["post-400","post","type-post","status-publish","format-standard","has-post-thumbnail","hentry","category-informacion-escuela-israel"],"yoast_head":"<!-- This site is optimized with the Yoast SEO plugin v22.8 - https:\/\/yoast.com\/wordpress\/plugins\/seo\/ -->\n<title>REINGRESO A LAS AULAS 2021 ALUMNOS OCTAVO Y SEPTIMO BASICO - ESCUELA REP\u00daBLICA DE ISRAEL E-927<\/title>\n<meta name=\"robots\" content=\"index, follow, max-snippet:-1, max-image-preview:large, max-video-preview:-1\" \/>\n<link rel=\"canonical\" href=\"https:\/\/www.escuelaisrael927.cl\/wordpress\/index.php\/2021\/08\/09\/reingreso-a-las-aulas-2021-alumnos-octavo-y-septimo-basico\/\" \/>\n<meta property=\"og:locale\" content=\"es_ES\" \/>\n<meta property=\"og:type\" content=\"article\" \/>\n<meta property=\"og:title\" content=\"REINGRESO A LAS AULAS 2021 ALUMNOS OCTAVO Y SEPTIMO BASICO - ESCUELA REP\u00daBLICA DE ISRAEL E-927\" \/>\n<meta property=\"og:description\" content=\"Estamos muy contentos de tenerlos de vuelta, despu\u00e9s de mas de 1 a\u00f1o sin verlos, aqu\u00ed unas lindas im\u00e1genes del ingreso de hoy de nuestros alumnos de s\u00e9ptimo y octavo b\u00e1sico, siempre tomando todas las medidas necesarias contra el covid, para un regreso progresivo y seguro a nuestras aulas, as\u00ed como tambi\u00e9n les damos un [&hellip;]\" \/>\n<meta property=\"og:url\" content=\"https:\/\/www.escuelaisrael927.cl\/wordpress\/index.php\/2021\/08\/09\/reingreso-a-las-aulas-2021-alumnos-octavo-y-septimo-basico\/\" \/>\n<meta property=\"og:site_name\" content=\"ESCUELA REP\u00daBLICA DE ISRAEL E-927\" \/>\n<meta property=\"article:publisher\" content=\"https:\/\/www.facebook.com\/Escuela-Rep%c3%bablica-de-Israel-Los-%c3%81ngeles-1828716017412048\" \/>\n<meta property=\"article:published_time\" content=\"2021-08-09T11:32:08+00:00\" \/>\n<meta property=\"article:modified_time\" content=\"2024-03-20T18:28:14+00:00\" \/>\n<meta property=\"og:image\" content=\"https:\/\/www.escuelaisrael927.cl\/wordpress\/wp-content\/uploads\/2021\/09\/WhatsApp-Image-2021-08-09-at-10.04.17-e1632145594551.jpeg\" \/>\n\t<meta property=\"og:image:width\" content=\"80\" \/>\n\t<meta property=\"og:image:height\" content=\"80\" \/>\n\t<meta property=\"og:image:type\" content=\"image\/jpeg\" \/>\n<meta name=\"twitter:card\" content=\"summary_large_image\" \/>\n<meta name=\"twitter:label1\" content=\"Escrito por\" \/>\n\t<meta name=\"twitter:data1\" content=\"\" \/>\n\t<meta name=\"twitter:label2\" content=\"Tiempo de lectura\" \/>\n\t<meta name=\"twitter:data2\" content=\"2 minutos\" \/>\n<script type=\"application\/ld+json\" class=\"yoast-schema-graph\">{\"@context\":\"https:\/\/schema.org\",\"@graph\":[{\"@type\":\"Article\",\"@id\":\"https:\/\/www.escuelaisrael927.cl\/wordpress\/index.php\/2021\/08\/09\/reingreso-a-las-aulas-2021-alumnos-octavo-y-septimo-basico\/#article\",\"isPartOf\":{\"@id\":\"https:\/\/www.escuelaisrael927.cl\/wordpress\/index.php\/2021\/08\/09\/reingreso-a-las-aulas-2021-alumnos-octavo-y-septimo-basico\/\"},\"author\":{\"name\":\"\",\"@id\":\"\"},\"headline\":\"REINGRESO A LAS AULAS 2021 ALUMNOS OCTAVO Y SEPTIMO BASICO\",\"datePublished\":\"2021-08-09T11:32:08+00:00\",\"dateModified\":\"2024-03-20T18:28:14+00:00\",\"mainEntityOfPage\":{\"@id\":\"https:\/\/www.escuelaisrael927.cl\/wordpress\/index.php\/2021\/08\/09\/reingreso-a-las-aulas-2021-alumnos-octavo-y-septimo-basico\/\"},\"wordCount\":90,\"publisher\":{\"@id\":\"https:\/\/www.escuelaisrael927.cl\/wordpress\/#organization\"},\"image\":{\"@id\":\"https:\/\/www.escuelaisrael927.cl\/wordpress\/index.php\/2021\/08\/09\/reingreso-a-las-aulas-2021-alumnos-octavo-y-septimo-basico\/#primaryimage\"},\"thumbnailUrl\":\"https:\/\/www.escuelaisrael927.cl\/wordpress\/wp-content\/uploads\/2021\/09\/WhatsApp-Image-2021-08-09-at-10.04.17-e1632145594551.jpeg\",\"articleSection\":[\"Informacion Escuela Israel\"],\"inLanguage\":\"es\"},{\"@type\":\"WebPage\",\"@id\":\"https:\/\/www.escuelaisrael927.cl\/wordpress\/index.php\/2021\/08\/09\/reingreso-a-las-aulas-2021-alumnos-octavo-y-septimo-basico\/\",\"url\":\"https:\/\/www.escuelaisrael927.cl\/wordpress\/index.php\/2021\/08\/09\/reingreso-a-las-aulas-2021-alumnos-octavo-y-septimo-basico\/\",\"name\":\"REINGRESO A LAS AULAS 2021 ALUMNOS OCTAVO Y SEPTIMO BASICO - ESCUELA REP\u00daBLICA DE ISRAEL E-927\",\"isPartOf\":{\"@id\":\"https:\/\/www.escuelaisrael927.cl\/wordpress\/#website\"},\"primaryImageOfPage\":{\"@id\":\"https:\/\/www.escuelaisrael927.cl\/wordpress\/index.php\/2021\/08\/09\/reingreso-a-las-aulas-2021-alumnos-octavo-y-septimo-basico\/#primaryimage\"},\"image\":{\"@id\":\"https:\/\/www.escuelaisrael927.cl\/wordpress\/index.php\/2021\/08\/09\/reingreso-a-las-aulas-2021-alumnos-octavo-y-septimo-basico\/#primaryimage\"},\"thumbnailUrl\":\"https:\/\/www.escuelaisrael927.cl\/wordpress\/wp-content\/uploads\/2021\/09\/WhatsApp-Image-2021-08-09-at-10.04.17-e1632145594551.jpeg\",\"datePublished\":\"2021-08-09T11:32:08+00:00\",\"dateModified\":\"2024-03-20T18:28:14+00:00\",\"breadcrumb\":{\"@id\":\"https:\/\/www.escuelaisrael927.cl\/wordpress\/index.php\/2021\/08\/09\/reingreso-a-las-aulas-2021-alumnos-octavo-y-septimo-basico\/#breadcrumb\"},\"inLanguage\":\"es\",\"potentialAction\":[{\"@type\":\"ReadAction\",\"target\":[\"https:\/\/www.escuelaisrael927.cl\/wordpress\/index.php\/2021\/08\/09\/reingreso-a-las-aulas-2021-alumnos-octavo-y-septimo-basico\/\"]}]},{\"@type\":\"ImageObject\",\"inLanguage\":\"es\",\"@id\":\"https:\/\/www.escuelaisrael927.cl\/wordpress\/index.php\/2021\/08\/09\/reingreso-a-las-aulas-2021-alumnos-octavo-y-septimo-basico\/#primaryimage\",\"url\":\"https:\/\/www.escuelaisrael927.cl\/wordpress\/wp-content\/uploads\/2021\/09\/WhatsApp-Image-2021-08-09-at-10.04.17-e1632145594551.jpeg\",\"contentUrl\":\"https:\/\/www.escuelaisrael927.cl\/wordpress\/wp-content\/uploads\/2021\/09\/WhatsApp-Image-2021-08-09-at-10.04.17-e1632145594551.jpeg\",\"width\":80,\"height\":80},{\"@type\":\"BreadcrumbList\",\"@id\":\"https:\/\/www.escuelaisrael927.cl\/wordpress\/index.php\/2021\/08\/09\/reingreso-a-las-aulas-2021-alumnos-octavo-y-septimo-basico\/#breadcrumb\",\"itemListElement\":[{\"@type\":\"ListItem\",\"position\":1,\"name\":\"Portada\",\"item\":\"https:\/\/www.escuelaisrael927.cl\/wordpress\/\"},{\"@type\":\"ListItem\",\"position\":2,\"name\":\"REINGRESO A LAS AULAS 2021 ALUMNOS OCTAVO Y SEPTIMO BASICO\"}]},{\"@type\":\"WebSite\",\"@id\":\"https:\/\/www.escuelaisrael927.cl\/wordpress\/#website\",\"url\":\"https:\/\/www.escuelaisrael927.cl\/wordpress\/\",\"name\":\"ESCUELA REPUBLICA DE ISRAEL E-927\",\"description\":\"200 a\u00f1os Los \u00c1ngeles  \",\"publisher\":{\"@id\":\"https:\/\/www.escuelaisrael927.cl\/wordpress\/#organization\"},\"potentialAction\":[{\"@type\":\"SearchAction\",\"target\":{\"@type\":\"EntryPoint\",\"urlTemplate\":\"https:\/\/www.escuelaisrael927.cl\/wordpress\/?s={search_term_string}\"},\"query-input\":\"required name=search_term_string\"}],\"inLanguage\":\"es\"},{\"@type\":\"Organization\",\"@id\":\"https:\/\/www.escuelaisrael927.cl\/wordpress\/#organization\",\"name\":\"Escuela Republica de Israel\",\"url\":\"https:\/\/www.escuelaisrael927.cl\/wordpress\/\",\"logo\":{\"@type\":\"ImageObject\",\"inLanguage\":\"es\",\"@id\":\"https:\/\/www.escuelaisrael927.cl\/wordpress\/#\/schema\/logo\/image\/\",\"url\":\"https:\/\/www.escuelaisrael927.cl\/wordpress\/wp-content\/uploads\/2021\/04\/logo11.png\",\"contentUrl\":\"https:\/\/www.escuelaisrael927.cl\/wordpress\/wp-content\/uploads\/2021\/04\/logo11.png\",\"width\":512,\"height\":518,\"caption\":\"Escuela Republica de Israel\"},\"image\":{\"@id\":\"https:\/\/www.escuelaisrael927.cl\/wordpress\/#\/schema\/logo\/image\/\"},\"sameAs\":[\"https:\/\/www.facebook.com\/Escuela-Rep\u00fablica-de-Israel-Los-\u00c1ngeles-1828716017412048\"]},{\"@type\":\"Person\",\"@id\":\"\"}]}<\/script>\n<!-- \/ Yoast SEO plugin. -->","yoast_head_json":{"title":"REINGRESO A LAS AULAS 2021 ALUMNOS OCTAVO Y SEPTIMO BASICO - ESCUELA REP\u00daBLICA DE ISRAEL E-927","robots":{"index":"index","follow":"follow","max-snippet":"max-snippet:-1","max-image-preview":"max-image-preview:large","max-video-preview":"max-video-preview:-1"},"canonical":"https:\/\/www.escuelaisrael927.cl\/wordpress\/index.php\/2021\/08\/09\/reingreso-a-las-aulas-2021-alumnos-octavo-y-septimo-basico\/","og_locale":"es_ES","og_type":"article","og_title":"REINGRESO A LAS AULAS 2021 ALUMNOS OCTAVO Y SEPTIMO BASICO - ESCUELA REP\u00daBLICA DE ISRAEL E-927","og_description":"Estamos muy contentos de tenerlos de vuelta, despu\u00e9s de mas de 1 a\u00f1o sin verlos, aqu\u00ed unas lindas im\u00e1genes del ingreso de hoy de nuestros alumnos de s\u00e9ptimo y octavo b\u00e1sico, siempre tomando todas las medidas necesarias contra el covid, para un regreso progresivo y seguro a nuestras aulas, as\u00ed como tambi\u00e9n les damos un [&hellip;]","og_url":"https:\/\/www.escuelaisrael927.cl\/wordpress\/index.php\/2021\/08\/09\/reingreso-a-las-aulas-2021-alumnos-octavo-y-septimo-basico\/","og_site_name":"ESCUELA REP\u00daBLICA DE ISRAEL E-927","article_publisher":"https:\/\/www.facebook.com\/Escuela-Rep%c3%bablica-de-Israel-Los-%c3%81ngeles-1828716017412048","article_published_time":"2021-08-09T11:32:08+00:00","article_modified_time":"2024-03-20T18:28:14+00:00","og_image":[{"width":80,"height":80,"url":"https:\/\/www.escuelaisrael927.cl\/wordpress\/wp-content\/uploads\/2021\/09\/WhatsApp-Image-2021-08-09-at-10.04.17-e1632145594551.jpeg","type":"image\/jpeg"}],"twitter_card":"summary_large_image","twitter_misc":{"Escrito por":"","Tiempo de lectura":"2 minutos"},"schema":{"@context":"https:\/\/schema.org","@graph":[{"@type":"Article","@id":"https:\/\/www.escuelaisrael927.cl\/wordpress\/index.php\/2021\/08\/09\/reingreso-a-las-aulas-2021-alumnos-octavo-y-septimo-basico\/#article","isPartOf":{"@id":"https:\/\/www.escuelaisrael927.cl\/wordpress\/index.php\/2021\/08\/09\/reingreso-a-las-aulas-2021-alumnos-octavo-y-septimo-basico\/"},"author":{"name":"","@id":""},"headline":"REINGRESO A LAS AULAS 2021 ALUMNOS OCTAVO Y SEPTIMO BASICO","datePublished":"2021-08-09T11:32:08+00:00","dateModified":"2024-03-20T18:28:14+00:00","mainEntityOfPage":{"@id":"https:\/\/www.escuelaisrael927.cl\/wordpress\/index.php\/2021\/08\/09\/reingreso-a-las-aulas-2021-alumnos-octavo-y-septimo-basico\/"},"wordCount":90,"publisher":{"@id":"https:\/\/www.escuelaisrael927.cl\/wordpress\/#organization"},"image":{"@id":"https:\/\/www.escuelaisrael927.cl\/wordpress\/index.php\/2021\/08\/09\/reingreso-a-las-aulas-2021-alumnos-octavo-y-septimo-basico\/#primaryimage"},"thumbnailUrl":"https:\/\/www.escuelaisrael927.cl\/wordpress\/wp-content\/uploads\/2021\/09\/WhatsApp-Image-2021-08-09-at-10.04.17-e1632145594551.jpeg","articleSection":["Informacion Escuela Israel"],"inLanguage":"es"},{"@type":"WebPage","@id":"https:\/\/www.escuelaisrael927.cl\/wordpress\/index.php\/2021\/08\/09\/reingreso-a-las-aulas-2021-alumnos-octavo-y-septimo-basico\/","url":"https:\/\/www.escuelaisrael927.cl\/wordpress\/index.php\/2021\/08\/09\/reingreso-a-las-aulas-2021-alumnos-octavo-y-septimo-basico\/","name":"REINGRESO A LAS AULAS 2021 ALUMNOS OCTAVO Y SEPTIMO BASICO - ESCUELA REP\u00daBLICA DE ISRAEL E-927","isPartOf":{"@id":"https:\/\/www.escuelaisrael927.cl\/wordpress\/#website"},"primaryImageOfPage":{"@id":"https:\/\/www.escuelaisrael927.cl\/wordpress\/index.php\/2021\/08\/09\/reingreso-a-las-aulas-2021-alumnos-octavo-y-septimo-basico\/#primaryimage"},"image":{"@id":"https:\/\/www.escuelaisrael927.cl\/wordpress\/index.php\/2021\/08\/09\/reingreso-a-las-aulas-2021-alumnos-octavo-y-septimo-basico\/#primaryimage"},"thumbnailUrl":"https:\/\/www.escuelaisrael927.cl\/wordpress\/wp-content\/uploads\/2021\/09\/WhatsApp-Image-2021-08-09-at-10.04.17-e1632145594551.jpeg","datePublished":"2021-08-09T11:32:08+00:00","dateModified":"2024-03-20T18:28:14+00:00","breadcrumb":{"@id":"https:\/\/www.escuelaisrael927.cl\/wordpress\/index.php\/2021\/08\/09\/reingreso-a-las-aulas-2021-alumnos-octavo-y-septimo-basico\/#breadcrumb"},"inLanguage":"es","potentialAction":[{"@type":"ReadAction","target":["https:\/\/www.escuelaisrael927.cl\/wordpress\/index.php\/2021\/08\/09\/reingreso-a-las-aulas-2021-alumnos-octavo-y-septimo-basico\/"]}]},{"@type":"ImageObject","inLanguage":"es","@id":"https:\/\/www.escuelaisrael927.cl\/wordpress\/index.php\/2021\/08\/09\/reingreso-a-las-aulas-2021-alumnos-octavo-y-septimo-basico\/#primaryimage","url":"https:\/\/www.escuelaisrael927.cl\/wordpress\/wp-content\/uploads\/2021\/09\/WhatsApp-Image-2021-08-09-at-10.04.17-e1632145594551.jpeg","contentUrl":"https:\/\/www.escuelaisrael927.cl\/wordpress\/wp-content\/uploads\/2021\/09\/WhatsApp-Image-2021-08-09-at-10.04.17-e1632145594551.jpeg","width":80,"height":80},{"@type":"BreadcrumbList","@id":"https:\/\/www.escuelaisrael927.cl\/wordpress\/index.php\/2021\/08\/09\/reingreso-a-las-aulas-2021-alumnos-octavo-y-septimo-basico\/#breadcrumb","itemListElement":[{"@type":"ListItem","position":1,"name":"Portada","item":"https:\/\/www.escuelaisrael927.cl\/wordpress\/"},{"@type":"ListItem","position":2,"name":"REINGRESO A LAS AULAS 2021 ALUMNOS OCTAVO Y SEPTIMO BASICO"}]},{"@type":"WebSite","@id":"https:\/\/www.escuelaisrael927.cl\/wordpress\/#website","url":"https:\/\/www.escuelaisrael927.cl\/wordpress\/","name":"ESCUELA REPUBLICA DE ISRAEL E-927","description":"200 a\u00f1os Los \u00c1ngeles  ","publisher":{"@id":"https:\/\/www.escuelaisrael927.cl\/wordpress\/#organization"},"potentialAction":[{"@type":"SearchAction","target":{"@type":"EntryPoint","urlTemplate":"https:\/\/www.escuelaisrael927.cl\/wordpress\/?s={search_term_string}"},"query-input":"required name=search_term_string"}],"inLanguage":"es"},{"@type":"Organization","@id":"https:\/\/www.escuelaisrael927.cl\/wordpress\/#organization","name":"Escuela Republica de Israel","url":"https:\/\/www.escuelaisrael927.cl\/wordpress\/","logo":{"@type":"ImageObject","inLanguage":"es","@id":"https:\/\/www.escuelaisrael927.cl\/wordpress\/#\/schema\/logo\/image\/","url":"https:\/\/www.escuelaisrael927.cl\/wordpress\/wp-content\/uploads\/2021\/04\/logo11.png","contentUrl":"https:\/\/www.escuelaisrael927.cl\/wordpress\/wp-content\/uploads\/2021\/04\/logo11.png","width":512,"height":518,"caption":"Escuela Republica de Israel"},"image":{"@id":"https:\/\/www.escuelaisrael927.cl\/wordpress\/#\/schema\/logo\/image\/"},"sameAs":["https:\/\/www.facebook.com\/Escuela-Rep\u00fablica-de-Israel-Los-\u00c1ngeles-1828716017412048"]},{"@type":"Person","@id":""}]}},"_links":{"self":[{"href":"https:\/\/www.escuelaisrael927.cl\/wordpress\/index.php\/wp-json\/wp\/v2\/posts\/400","targetHints":{"allow":["GET"]}}],"collection":[{"href":"https:\/\/www.escuelaisrael927.cl\/wordpress\/index.php\/wp-json\/wp\/v2\/posts"}],"about":[{"href":"https:\/\/www.escuelaisrael927.cl\/wordpress\/index.php\/wp-json\/wp\/v2\/types\/post"}],"author":[{"embeddable":true,"href":"https:\/\/www.escuelaisrael927.cl\/wordpress\/index.php\/wp-json\/wp\/v2\/users\/1"}],"replies":[{"embeddable":true,"href":"https:\/\/www.escuelaisrael927.cl\/wordpress\/index.php\/wp-json\/wp\/v2\/comments?post=400"}],"version-history":[{"count":3,"href":"https:\/\/www.escuelaisrael927.cl\/wordpress\/index.php\/wp-json\/wp\/v2\/posts\/400\/revisions"}],"predecessor-version":[{"id":625,"href":"https:\/\/www.escuelaisrael927.cl\/wordpress\/index.php\/wp-json\/wp\/v2\/posts\/400\/revisions\/625"}],"wp:featuredmedia":[{"embeddable":true,"href":"https:\/\/www.escuelaisrael927.cl\/wordpress\/index.php\/wp-json\/wp\/v2\/media\/402"}],"wp:attachment":[{"href":"https:\/\/www.escuelaisrael927.cl\/wordpress\/index.php\/wp-json\/wp\/v2\/media?parent=400"}],"wp:term":[{"taxonomy":"category","embeddable":true,"href":"https:\/\/www.escuelaisrael927.cl\/wordpress\/index.php\/wp-json\/wp\/v2\/categories?post=400"},{"taxonomy":"post_tag","embeddable":true,"href":"https:\/\/www.escuelaisrael927.cl\/wordpress\/index.php\/wp-json\/wp\/v2\/tags?post=400"}],"curies":[{"name":"wp","href":"https:\/\/api.w.org\/{rel}","templated":true}]}}