{"id":348,"date":"2021-07-02T08:00:00","date_gmt":"2021-07-02T11:00:00","guid":{"rendered":"https:\/\/www.escuelaisrael927.cl\/wordpress\/?p=348"},"modified":"2024-03-20T15:28:24","modified_gmt":"2024-03-20T18:28:24","slug":"dia-de-oracion","status":"publish","type":"post","link":"https:\/\/www.escuelaisrael927.cl\/wordpress\/index.php\/2021\/07\/02\/dia-de-oracion\/","title":{"rendered":"D\u00eda de Oraci\u00f3n"},"content":{"rendered":"\n<p><span style=\"color:#1d6ea5\" class=\"tadv-color\">Hoy a las 15:00 hrs esperamos tu participaci\u00f3n para toda nuestra comunidad educativa en nuestro d\u00eda de oraci\u00f3n<\/span> <img decoding=\"async\" width=\"16\" height=\"16\" src=\"https:\/\/static.xx.fbcdn.net\/images\/emoji.php\/v9\/tfe\/1\/16\/1f44f.png\" alt=\"\ud83d\udc4f\"><img decoding=\"async\" width=\"16\" height=\"16\" src=\"https:\/\/static.xx.fbcdn.net\/images\/emoji.php\/v9\/tfe\/1\/16\/1f44f.png\" alt=\"\ud83d\udc4f\"><img decoding=\"async\" width=\"16\" height=\"16\" src=\"https:\/\/static.xx.fbcdn.net\/images\/emoji.php\/v9\/tfe\/1\/16\/1f44f.png\" alt=\"\ud83d\udc4f\"><\/p>\n\n\n\n<figure class=\"wp-block-image size-large is-style-default\"><img fetchpriority=\"high\" decoding=\"async\" width=\"723\" height=\"1024\" src=\"https:\/\/www.escuelaisrael927.cl\/wordpress\/wp-content\/uploads\/2021\/07\/WhatsApp-Image-2021-07-02-at-12.12.30-723x1024.jpeg\" alt=\"\" class=\"wp-image-349\"\/><\/figure>\n","protected":false},"excerpt":{"rendered":"<p>Hoy a las 15:00 hrs esperamos tu participaci\u00f3n para toda nuestra comunidad educativa en nuestro d\u00eda de oraci\u00f3n<\/p>\n","protected":false},"author":1,"featured_media":351,"comment_status":"closed","ping_status":"closed","sticky":false,"template":"","format":"standard","meta":{"footnotes":""},"categories":[4],"tags":[],"class_list":["post-348","post","type-post","status-publish","format-standard","has-post-thumbnail","hentry","category-informacion-escuela-israel"],"yoast_head":"<!-- This site is optimized with the Yoast SEO plugin v22.8 - https:\/\/yoast.com\/wordpress\/plugins\/seo\/ -->\n<title>D\u00eda de Oraci\u00f3n - ESCUELA REP\u00daBLICA DE ISRAEL E-927<\/title>\n<meta name=\"robots\" content=\"index, follow, max-snippet:-1, max-image-preview:large, max-video-preview:-1\" \/>\n<link rel=\"canonical\" href=\"https:\/\/www.escuelaisrael927.cl\/wordpress\/index.php\/2021\/07\/02\/dia-de-oracion\/\" \/>\n<meta property=\"og:locale\" content=\"es_ES\" \/>\n<meta property=\"og:type\" content=\"article\" \/>\n<meta property=\"og:title\" content=\"D\u00eda de Oraci\u00f3n - ESCUELA REP\u00daBLICA DE ISRAEL E-927\" \/>\n<meta property=\"og:description\" content=\"Hoy a las 15:00 hrs esperamos tu participaci\u00f3n para toda nuestra comunidad educativa en nuestro d\u00eda de oraci\u00f3n\" \/>\n<meta property=\"og:url\" content=\"https:\/\/www.escuelaisrael927.cl\/wordpress\/index.php\/2021\/07\/02\/dia-de-oracion\/\" \/>\n<meta property=\"og:site_name\" content=\"ESCUELA REP\u00daBLICA DE ISRAEL E-927\" \/>\n<meta property=\"article:publisher\" content=\"https:\/\/www.facebook.com\/Escuela-Rep%c3%bablica-de-Israel-Los-%c3%81ngeles-1828716017412048\" \/>\n<meta property=\"article:published_time\" content=\"2021-07-02T11:00:00+00:00\" \/>\n<meta property=\"article:modified_time\" content=\"2024-03-20T18:28:24+00:00\" \/>\n<meta property=\"og:image\" content=\"https:\/\/www.escuelaisrael927.cl\/wordpress\/wp-content\/uploads\/2021\/07\/WhatsApp-Image-2021-07-02-at-12.12.30.jpg\" \/>\n\t<meta property=\"og:image:width\" content=\"181\" \/>\n\t<meta property=\"og:image:height\" content=\"256\" \/>\n\t<meta property=\"og:image:type\" content=\"image\/jpeg\" \/>\n<meta name=\"twitter:card\" content=\"summary_large_image\" \/>\n<meta name=\"twitter:label1\" content=\"Escrito por\" \/>\n\t<meta name=\"twitter:data1\" content=\"\" \/>\n\t<meta name=\"twitter:label2\" content=\"Tiempo de lectura\" \/>\n\t<meta name=\"twitter:data2\" content=\"1 minuto\" \/>\n<script type=\"application\/ld+json\" class=\"yoast-schema-graph\">{\"@context\":\"https:\/\/schema.org\",\"@graph\":[{\"@type\":\"Article\",\"@id\":\"https:\/\/www.escuelaisrael927.cl\/wordpress\/index.php\/2021\/07\/02\/dia-de-oracion\/#article\",\"isPartOf\":{\"@id\":\"https:\/\/www.escuelaisrael927.cl\/wordpress\/index.php\/2021\/07\/02\/dia-de-oracion\/\"},\"author\":{\"name\":\"\",\"@id\":\"\"},\"headline\":\"D\u00eda de Oraci\u00f3n\",\"datePublished\":\"2021-07-02T11:00:00+00:00\",\"dateModified\":\"2024-03-20T18:28:24+00:00\",\"mainEntityOfPage\":{\"@id\":\"https:\/\/www.escuelaisrael927.cl\/wordpress\/index.php\/2021\/07\/02\/dia-de-oracion\/\"},\"wordCount\":25,\"publisher\":{\"@id\":\"https:\/\/www.escuelaisrael927.cl\/wordpress\/#organization\"},\"image\":{\"@id\":\"https:\/\/www.escuelaisrael927.cl\/wordpress\/index.php\/2021\/07\/02\/dia-de-oracion\/#primaryimage\"},\"thumbnailUrl\":\"https:\/\/www.escuelaisrael927.cl\/wordpress\/wp-content\/uploads\/2021\/07\/WhatsApp-Image-2021-07-02-at-12.12.30.jpg\",\"articleSection\":[\"Informacion Escuela Israel\"],\"inLanguage\":\"es\"},{\"@type\":\"WebPage\",\"@id\":\"https:\/\/www.escuelaisrael927.cl\/wordpress\/index.php\/2021\/07\/02\/dia-de-oracion\/\",\"url\":\"https:\/\/www.escuelaisrael927.cl\/wordpress\/index.php\/2021\/07\/02\/dia-de-oracion\/\",\"name\":\"D\u00eda de Oraci\u00f3n - ESCUELA REP\u00daBLICA DE ISRAEL E-927\",\"isPartOf\":{\"@id\":\"https:\/\/www.escuelaisrael927.cl\/wordpress\/#website\"},\"primaryImageOfPage\":{\"@id\":\"https:\/\/www.escuelaisrael927.cl\/wordpress\/index.php\/2021\/07\/02\/dia-de-oracion\/#primaryimage\"},\"image\":{\"@id\":\"https:\/\/www.escuelaisrael927.cl\/wordpress\/index.php\/2021\/07\/02\/dia-de-oracion\/#primaryimage\"},\"thumbnailUrl\":\"https:\/\/www.escuelaisrael927.cl\/wordpress\/wp-content\/uploads\/2021\/07\/WhatsApp-Image-2021-07-02-at-12.12.30.jpg\",\"datePublished\":\"2021-07-02T11:00:00+00:00\",\"dateModified\":\"2024-03-20T18:28:24+00:00\",\"breadcrumb\":{\"@id\":\"https:\/\/www.escuelaisrael927.cl\/wordpress\/index.php\/2021\/07\/02\/dia-de-oracion\/#breadcrumb\"},\"inLanguage\":\"es\",\"potentialAction\":[{\"@type\":\"ReadAction\",\"target\":[\"https:\/\/www.escuelaisrael927.cl\/wordpress\/index.php\/2021\/07\/02\/dia-de-oracion\/\"]}]},{\"@type\":\"ImageObject\",\"inLanguage\":\"es\",\"@id\":\"https:\/\/www.escuelaisrael927.cl\/wordpress\/index.php\/2021\/07\/02\/dia-de-oracion\/#primaryimage\",\"url\":\"https:\/\/www.escuelaisrael927.cl\/wordpress\/wp-content\/uploads\/2021\/07\/WhatsApp-Image-2021-07-02-at-12.12.30.jpg\",\"contentUrl\":\"https:\/\/www.escuelaisrael927.cl\/wordpress\/wp-content\/uploads\/2021\/07\/WhatsApp-Image-2021-07-02-at-12.12.30.jpg\",\"width\":181,\"height\":256},{\"@type\":\"BreadcrumbList\",\"@id\":\"https:\/\/www.escuelaisrael927.cl\/wordpress\/index.php\/2021\/07\/02\/dia-de-oracion\/#breadcrumb\",\"itemListElement\":[{\"@type\":\"ListItem\",\"position\":1,\"name\":\"Portada\",\"item\":\"https:\/\/www.escuelaisrael927.cl\/wordpress\/\"},{\"@type\":\"ListItem\",\"position\":2,\"name\":\"D\u00eda de Oraci\u00f3n\"}]},{\"@type\":\"WebSite\",\"@id\":\"https:\/\/www.escuelaisrael927.cl\/wordpress\/#website\",\"url\":\"https:\/\/www.escuelaisrael927.cl\/wordpress\/\",\"name\":\"ESCUELA REPUBLICA DE ISRAEL E-927\",\"description\":\"200 a\u00f1os Los \u00c1ngeles  \",\"publisher\":{\"@id\":\"https:\/\/www.escuelaisrael927.cl\/wordpress\/#organization\"},\"potentialAction\":[{\"@type\":\"SearchAction\",\"target\":{\"@type\":\"EntryPoint\",\"urlTemplate\":\"https:\/\/www.escuelaisrael927.cl\/wordpress\/?s={search_term_string}\"},\"query-input\":\"required name=search_term_string\"}],\"inLanguage\":\"es\"},{\"@type\":\"Organization\",\"@id\":\"https:\/\/www.escuelaisrael927.cl\/wordpress\/#organization\",\"name\":\"Escuela Republica de Israel\",\"url\":\"https:\/\/www.escuelaisrael927.cl\/wordpress\/\",\"logo\":{\"@type\":\"ImageObject\",\"inLanguage\":\"es\",\"@id\":\"https:\/\/www.escuelaisrael927.cl\/wordpress\/#\/schema\/logo\/image\/\",\"url\":\"https:\/\/www.escuelaisrael927.cl\/wordpress\/wp-content\/uploads\/2021\/04\/logo11.png\",\"contentUrl\":\"https:\/\/www.escuelaisrael927.cl\/wordpress\/wp-content\/uploads\/2021\/04\/logo11.png\",\"width\":512,\"height\":518,\"caption\":\"Escuela Republica de Israel\"},\"image\":{\"@id\":\"https:\/\/www.escuelaisrael927.cl\/wordpress\/#\/schema\/logo\/image\/\"},\"sameAs\":[\"https:\/\/www.facebook.com\/Escuela-Rep\u00fablica-de-Israel-Los-\u00c1ngeles-1828716017412048\"]},{\"@type\":\"Person\",\"@id\":\"\"}]}<\/script>\n<!-- \/ Yoast SEO plugin. -->","yoast_head_json":{"title":"D\u00eda de Oraci\u00f3n - ESCUELA REP\u00daBLICA DE ISRAEL E-927","robots":{"index":"index","follow":"follow","max-snippet":"max-snippet:-1","max-image-preview":"max-image-preview:large","max-video-preview":"max-video-preview:-1"},"canonical":"https:\/\/www.escuelaisrael927.cl\/wordpress\/index.php\/2021\/07\/02\/dia-de-oracion\/","og_locale":"es_ES","og_type":"article","og_title":"D\u00eda de Oraci\u00f3n - ESCUELA REP\u00daBLICA DE ISRAEL E-927","og_description":"Hoy a las 15:00 hrs esperamos tu participaci\u00f3n para toda nuestra comunidad educativa en nuestro d\u00eda de oraci\u00f3n","og_url":"https:\/\/www.escuelaisrael927.cl\/wordpress\/index.php\/2021\/07\/02\/dia-de-oracion\/","og_site_name":"ESCUELA REP\u00daBLICA DE ISRAEL E-927","article_publisher":"https:\/\/www.facebook.com\/Escuela-Rep%c3%bablica-de-Israel-Los-%c3%81ngeles-1828716017412048","article_published_time":"2021-07-02T11:00:00+00:00","article_modified_time":"2024-03-20T18:28:24+00:00","og_image":[{"width":181,"height":256,"url":"https:\/\/www.escuelaisrael927.cl\/wordpress\/wp-content\/uploads\/2021\/07\/WhatsApp-Image-2021-07-02-at-12.12.30.jpg","type":"image\/jpeg"}],"twitter_card":"summary_large_image","twitter_misc":{"Escrito por":"","Tiempo de lectura":"1 minuto"},"schema":{"@context":"https:\/\/schema.org","@graph":[{"@type":"Article","@id":"https:\/\/www.escuelaisrael927.cl\/wordpress\/index.php\/2021\/07\/02\/dia-de-oracion\/#article","isPartOf":{"@id":"https:\/\/www.escuelaisrael927.cl\/wordpress\/index.php\/2021\/07\/02\/dia-de-oracion\/"},"author":{"name":"","@id":""},"headline":"D\u00eda de Oraci\u00f3n","datePublished":"2021-07-02T11:00:00+00:00","dateModified":"2024-03-20T18:28:24+00:00","mainEntityOfPage":{"@id":"https:\/\/www.escuelaisrael927.cl\/wordpress\/index.php\/2021\/07\/02\/dia-de-oracion\/"},"wordCount":25,"publisher":{"@id":"https:\/\/www.escuelaisrael927.cl\/wordpress\/#organization"},"image":{"@id":"https:\/\/www.escuelaisrael927.cl\/wordpress\/index.php\/2021\/07\/02\/dia-de-oracion\/#primaryimage"},"thumbnailUrl":"https:\/\/www.escuelaisrael927.cl\/wordpress\/wp-content\/uploads\/2021\/07\/WhatsApp-Image-2021-07-02-at-12.12.30.jpg","articleSection":["Informacion Escuela Israel"],"inLanguage":"es"},{"@type":"WebPage","@id":"https:\/\/www.escuelaisrael927.cl\/wordpress\/index.php\/2021\/07\/02\/dia-de-oracion\/","url":"https:\/\/www.escuelaisrael927.cl\/wordpress\/index.php\/2021\/07\/02\/dia-de-oracion\/","name":"D\u00eda de Oraci\u00f3n - ESCUELA REP\u00daBLICA DE ISRAEL E-927","isPartOf":{"@id":"https:\/\/www.escuelaisrael927.cl\/wordpress\/#website"},"primaryImageOfPage":{"@id":"https:\/\/www.escuelaisrael927.cl\/wordpress\/index.php\/2021\/07\/02\/dia-de-oracion\/#primaryimage"},"image":{"@id":"https:\/\/www.escuelaisrael927.cl\/wordpress\/index.php\/2021\/07\/02\/dia-de-oracion\/#primaryimage"},"thumbnailUrl":"https:\/\/www.escuelaisrael927.cl\/wordpress\/wp-content\/uploads\/2021\/07\/WhatsApp-Image-2021-07-02-at-12.12.30.jpg","datePublished":"2021-07-02T11:00:00+00:00","dateModified":"2024-03-20T18:28:24+00:00","breadcrumb":{"@id":"https:\/\/www.escuelaisrael927.cl\/wordpress\/index.php\/2021\/07\/02\/dia-de-oracion\/#breadcrumb"},"inLanguage":"es","potentialAction":[{"@type":"ReadAction","target":["https:\/\/www.escuelaisrael927.cl\/wordpress\/index.php\/2021\/07\/02\/dia-de-oracion\/"]}]},{"@type":"ImageObject","inLanguage":"es","@id":"https:\/\/www.escuelaisrael927.cl\/wordpress\/index.php\/2021\/07\/02\/dia-de-oracion\/#primaryimage","url":"https:\/\/www.escuelaisrael927.cl\/wordpress\/wp-content\/uploads\/2021\/07\/WhatsApp-Image-2021-07-02-at-12.12.30.jpg","contentUrl":"https:\/\/www.escuelaisrael927.cl\/wordpress\/wp-content\/uploads\/2021\/07\/WhatsApp-Image-2021-07-02-at-12.12.30.jpg","width":181,"height":256},{"@type":"BreadcrumbList","@id":"https:\/\/www.escuelaisrael927.cl\/wordpress\/index.php\/2021\/07\/02\/dia-de-oracion\/#breadcrumb","itemListElement":[{"@type":"ListItem","position":1,"name":"Portada","item":"https:\/\/www.escuelaisrael927.cl\/wordpress\/"},{"@type":"ListItem","position":2,"name":"D\u00eda de Oraci\u00f3n"}]},{"@type":"WebSite","@id":"https:\/\/www.escuelaisrael927.cl\/wordpress\/#website","url":"https:\/\/www.escuelaisrael927.cl\/wordpress\/","name":"ESCUELA REPUBLICA DE ISRAEL E-927","description":"200 a\u00f1os Los \u00c1ngeles  ","publisher":{"@id":"https:\/\/www.escuelaisrael927.cl\/wordpress\/#organization"},"potentialAction":[{"@type":"SearchAction","target":{"@type":"EntryPoint","urlTemplate":"https:\/\/www.escuelaisrael927.cl\/wordpress\/?s={search_term_string}"},"query-input":"required name=search_term_string"}],"inLanguage":"es"},{"@type":"Organization","@id":"https:\/\/www.escuelaisrael927.cl\/wordpress\/#organization","name":"Escuela Republica de Israel","url":"https:\/\/www.escuelaisrael927.cl\/wordpress\/","logo":{"@type":"ImageObject","inLanguage":"es","@id":"https:\/\/www.escuelaisrael927.cl\/wordpress\/#\/schema\/logo\/image\/","url":"https:\/\/www.escuelaisrael927.cl\/wordpress\/wp-content\/uploads\/2021\/04\/logo11.png","contentUrl":"https:\/\/www.escuelaisrael927.cl\/wordpress\/wp-content\/uploads\/2021\/04\/logo11.png","width":512,"height":518,"caption":"Escuela Republica de Israel"},"image":{"@id":"https:\/\/www.escuelaisrael927.cl\/wordpress\/#\/schema\/logo\/image\/"},"sameAs":["https:\/\/www.facebook.com\/Escuela-Rep\u00fablica-de-Israel-Los-\u00c1ngeles-1828716017412048"]},{"@type":"Person","@id":""}]}},"_links":{"self":[{"href":"https:\/\/www.escuelaisrael927.cl\/wordpress\/index.php\/wp-json\/wp\/v2\/posts\/348","targetHints":{"allow":["GET"]}}],"collection":[{"href":"https:\/\/www.escuelaisrael927.cl\/wordpress\/index.php\/wp-json\/wp\/v2\/posts"}],"about":[{"href":"https:\/\/www.escuelaisrael927.cl\/wordpress\/index.php\/wp-json\/wp\/v2\/types\/post"}],"author":[{"embeddable":true,"href":"https:\/\/www.escuelaisrael927.cl\/wordpress\/index.php\/wp-json\/wp\/v2\/users\/1"}],"replies":[{"embeddable":true,"href":"https:\/\/www.escuelaisrael927.cl\/wordpress\/index.php\/wp-json\/wp\/v2\/comments?post=348"}],"version-history":[{"count":2,"href":"https:\/\/www.escuelaisrael927.cl\/wordpress\/index.php\/wp-json\/wp\/v2\/posts\/348\/revisions"}],"predecessor-version":[{"id":627,"href":"https:\/\/www.escuelaisrael927.cl\/wordpress\/index.php\/wp-json\/wp\/v2\/posts\/348\/revisions\/627"}],"wp:featuredmedia":[{"embeddable":true,"href":"https:\/\/www.escuelaisrael927.cl\/wordpress\/index.php\/wp-json\/wp\/v2\/media\/351"}],"wp:attachment":[{"href":"https:\/\/www.escuelaisrael927.cl\/wordpress\/index.php\/wp-json\/wp\/v2\/media?parent=348"}],"wp:term":[{"taxonomy":"category","embeddable":true,"href":"https:\/\/www.escuelaisrael927.cl\/wordpress\/index.php\/wp-json\/wp\/v2\/categories?post=348"},{"taxonomy":"post_tag","embeddable":true,"href":"https:\/\/www.escuelaisrael927.cl\/wordpress\/index.php\/wp-json\/wp\/v2\/tags?post=348"}],"curies":[{"name":"wp","href":"https:\/\/api.w.org\/{rel}","templated":true}]}}