{"id":303,"date":"2021-06-05T11:03:58","date_gmt":"2021-06-05T14:03:58","guid":{"rendered":"https:\/\/www.escuelaisrael927.cl\/wordpress\/?p=303"},"modified":"2024-03-20T15:28:46","modified_gmt":"2024-03-20T18:28:46","slug":"dia-mundial-del-medio-ambiente","status":"publish","type":"post","link":"https:\/\/www.escuelaisrael927.cl\/wordpress\/index.php\/2021\/06\/05\/dia-mundial-del-medio-ambiente\/","title":{"rendered":"D\u00eda mundial del medio Ambiente"},"content":{"rendered":"\n<p>El 5 de junio se conmemor\u00f3 el D\u00eda Mundial del Medioambiente, fecha establecida por la Asamblea General de las Naciones Unidas en 1973. Nosotros como escuela nos sumamos una vez m\u00e1s a esta fecha, creando conciencia de lo que debemos hacer o no para el cuidado de nuestro planeta.Seamos responsable de lo que est\u00e1 pasando y seamos agentes activos del cambio.<a href=\"https:\/\/www.facebook.com\/hashtag\/somoslasolucion?__eep__=6&amp;__cft__[0]=AZWroeBv6Vpt5zazle90vjuK5rDy72bmd2PDB6UpovbnhuEfoPXhuPO2dBw9timgDI5v1-PtU8OdfpAg63-XJGqNlR1g92BBElGlardblIVJRVxtLrudX_fOtz3QqPjNpxs73Xc1tL_NvThXepvNk-I02u9Y06D74RFSYUZPETDxY5DnARsHOuhQHFZCFlIJ8II&amp;__tn__=*NK-R\">#SomosLaSolucion<\/a><a href=\"https:\/\/www.facebook.com\/hashtag\/diamundialdelmedioambiente?__eep__=6&amp;__cft__[0]=AZWroeBv6Vpt5zazle90vjuK5rDy72bmd2PDB6UpovbnhuEfoPXhuPO2dBw9timgDI5v1-PtU8OdfpAg63-XJGqNlR1g92BBElGlardblIVJRVxtLrudX_fOtz3QqPjNpxs73Xc1tL_NvThXepvNk-I02u9Y06D74RFSYUZPETDxY5DnARsHOuhQHFZCFlIJ8II&amp;__tn__=*NK-R\">#DiaMundialdelMedioambiente<\/a><\/p>\n\n\n\n<div class=\"wp-block-group\"><div class=\"wp-block-group__inner-container is-layout-flow wp-block-group-is-layout-flow\">\n<figure class=\"wp-block-video\"><video height=\"720\" style=\"aspect-ratio: 1280 \/ 720;\" width=\"1280\" controls src=\"https:\/\/www.escuelaisrael927.cl\/wordpress\/wp-content\/uploads\/2021\/06\/dia-del-medio-ambiente-1.mp4\"><\/video><\/figure>\n<\/div><\/div>\n\n\n\n<p><\/p>\n","protected":false},"excerpt":{"rendered":"<p>El 5 de junio se conmemor\u00f3 el D\u00eda Mundial del Medioambiente, fecha establecida por la Asamblea General de las Naciones Unidas en 1973. Nosotros como escuela nos sumamos una vez m\u00e1s a esta fecha, creando conciencia de lo que debemos hacer o no para el cuidado de nuestro planeta.Seamos responsable de lo que est\u00e1 pasando [&hellip;]<\/p>\n","protected":false},"author":1,"featured_media":318,"comment_status":"closed","ping_status":"closed","sticky":false,"template":"","format":"standard","meta":{"footnotes":""},"categories":[4],"tags":[],"class_list":["post-303","post","type-post","status-publish","format-standard","has-post-thumbnail","hentry","category-informacion-escuela-israel"],"yoast_head":"<!-- This site is optimized with the Yoast SEO plugin v22.8 - https:\/\/yoast.com\/wordpress\/plugins\/seo\/ -->\n<title>D\u00eda mundial del medio Ambiente - ESCUELA REP\u00daBLICA DE ISRAEL E-927<\/title>\n<meta name=\"robots\" content=\"index, follow, max-snippet:-1, max-image-preview:large, max-video-preview:-1\" \/>\n<link rel=\"canonical\" href=\"https:\/\/www.escuelaisrael927.cl\/wordpress\/index.php\/2021\/06\/05\/dia-mundial-del-medio-ambiente\/\" \/>\n<meta property=\"og:locale\" content=\"es_ES\" \/>\n<meta property=\"og:type\" content=\"article\" \/>\n<meta property=\"og:title\" content=\"D\u00eda mundial del medio Ambiente - ESCUELA REP\u00daBLICA DE ISRAEL E-927\" \/>\n<meta property=\"og:description\" content=\"El 5 de junio se conmemor\u00f3 el D\u00eda Mundial del Medioambiente, fecha establecida por la Asamblea General de las Naciones Unidas en 1973. Nosotros como escuela nos sumamos una vez m\u00e1s a esta fecha, creando conciencia de lo que debemos hacer o no para el cuidado de nuestro planeta.Seamos responsable de lo que est\u00e1 pasando [&hellip;]\" \/>\n<meta property=\"og:url\" content=\"https:\/\/www.escuelaisrael927.cl\/wordpress\/index.php\/2021\/06\/05\/dia-mundial-del-medio-ambiente\/\" \/>\n<meta property=\"og:site_name\" content=\"ESCUELA REP\u00daBLICA DE ISRAEL E-927\" \/>\n<meta property=\"article:publisher\" content=\"https:\/\/www.facebook.com\/Escuela-Rep%c3%bablica-de-Israel-Los-%c3%81ngeles-1828716017412048\" \/>\n<meta property=\"article:published_time\" content=\"2021-06-05T14:03:58+00:00\" \/>\n<meta property=\"article:modified_time\" content=\"2024-03-20T18:28:46+00:00\" \/>\n<meta property=\"og:image\" content=\"https:\/\/www.escuelaisrael927.cl\/wordpress\/wp-content\/uploads\/2021\/06\/Captura.jpg\" \/>\n\t<meta property=\"og:image:width\" content=\"1273\" \/>\n\t<meta property=\"og:image:height\" content=\"637\" \/>\n\t<meta property=\"og:image:type\" content=\"image\/jpeg\" \/>\n<meta name=\"twitter:card\" content=\"summary_large_image\" \/>\n<meta name=\"twitter:label1\" content=\"Escrito por\" \/>\n\t<meta name=\"twitter:data1\" content=\"\" \/>\n\t<meta name=\"twitter:label2\" content=\"Tiempo de lectura\" \/>\n\t<meta name=\"twitter:data2\" content=\"1 minuto\" \/>\n<script type=\"application\/ld+json\" class=\"yoast-schema-graph\">{\"@context\":\"https:\/\/schema.org\",\"@graph\":[{\"@type\":\"Article\",\"@id\":\"https:\/\/www.escuelaisrael927.cl\/wordpress\/index.php\/2021\/06\/05\/dia-mundial-del-medio-ambiente\/#article\",\"isPartOf\":{\"@id\":\"https:\/\/www.escuelaisrael927.cl\/wordpress\/index.php\/2021\/06\/05\/dia-mundial-del-medio-ambiente\/\"},\"author\":{\"name\":\"\",\"@id\":\"\"},\"headline\":\"D\u00eda mundial del medio Ambiente\",\"datePublished\":\"2021-06-05T14:03:58+00:00\",\"dateModified\":\"2024-03-20T18:28:46+00:00\",\"mainEntityOfPage\":{\"@id\":\"https:\/\/www.escuelaisrael927.cl\/wordpress\/index.php\/2021\/06\/05\/dia-mundial-del-medio-ambiente\/\"},\"wordCount\":70,\"publisher\":{\"@id\":\"https:\/\/www.escuelaisrael927.cl\/wordpress\/#organization\"},\"image\":{\"@id\":\"https:\/\/www.escuelaisrael927.cl\/wordpress\/index.php\/2021\/06\/05\/dia-mundial-del-medio-ambiente\/#primaryimage\"},\"thumbnailUrl\":\"https:\/\/www.escuelaisrael927.cl\/wordpress\/wp-content\/uploads\/2021\/06\/Captura.jpg\",\"articleSection\":[\"Informacion Escuela Israel\"],\"inLanguage\":\"es\"},{\"@type\":\"WebPage\",\"@id\":\"https:\/\/www.escuelaisrael927.cl\/wordpress\/index.php\/2021\/06\/05\/dia-mundial-del-medio-ambiente\/\",\"url\":\"https:\/\/www.escuelaisrael927.cl\/wordpress\/index.php\/2021\/06\/05\/dia-mundial-del-medio-ambiente\/\",\"name\":\"D\u00eda mundial del medio Ambiente - ESCUELA REP\u00daBLICA DE ISRAEL E-927\",\"isPartOf\":{\"@id\":\"https:\/\/www.escuelaisrael927.cl\/wordpress\/#website\"},\"primaryImageOfPage\":{\"@id\":\"https:\/\/www.escuelaisrael927.cl\/wordpress\/index.php\/2021\/06\/05\/dia-mundial-del-medio-ambiente\/#primaryimage\"},\"image\":{\"@id\":\"https:\/\/www.escuelaisrael927.cl\/wordpress\/index.php\/2021\/06\/05\/dia-mundial-del-medio-ambiente\/#primaryimage\"},\"thumbnailUrl\":\"https:\/\/www.escuelaisrael927.cl\/wordpress\/wp-content\/uploads\/2021\/06\/Captura.jpg\",\"datePublished\":\"2021-06-05T14:03:58+00:00\",\"dateModified\":\"2024-03-20T18:28:46+00:00\",\"breadcrumb\":{\"@id\":\"https:\/\/www.escuelaisrael927.cl\/wordpress\/index.php\/2021\/06\/05\/dia-mundial-del-medio-ambiente\/#breadcrumb\"},\"inLanguage\":\"es\",\"potentialAction\":[{\"@type\":\"ReadAction\",\"target\":[\"https:\/\/www.escuelaisrael927.cl\/wordpress\/index.php\/2021\/06\/05\/dia-mundial-del-medio-ambiente\/\"]}]},{\"@type\":\"ImageObject\",\"inLanguage\":\"es\",\"@id\":\"https:\/\/www.escuelaisrael927.cl\/wordpress\/index.php\/2021\/06\/05\/dia-mundial-del-medio-ambiente\/#primaryimage\",\"url\":\"https:\/\/www.escuelaisrael927.cl\/wordpress\/wp-content\/uploads\/2021\/06\/Captura.jpg\",\"contentUrl\":\"https:\/\/www.escuelaisrael927.cl\/wordpress\/wp-content\/uploads\/2021\/06\/Captura.jpg\",\"width\":1273,\"height\":637},{\"@type\":\"BreadcrumbList\",\"@id\":\"https:\/\/www.escuelaisrael927.cl\/wordpress\/index.php\/2021\/06\/05\/dia-mundial-del-medio-ambiente\/#breadcrumb\",\"itemListElement\":[{\"@type\":\"ListItem\",\"position\":1,\"name\":\"Portada\",\"item\":\"https:\/\/www.escuelaisrael927.cl\/wordpress\/\"},{\"@type\":\"ListItem\",\"position\":2,\"name\":\"D\u00eda mundial del medio Ambiente\"}]},{\"@type\":\"WebSite\",\"@id\":\"https:\/\/www.escuelaisrael927.cl\/wordpress\/#website\",\"url\":\"https:\/\/www.escuelaisrael927.cl\/wordpress\/\",\"name\":\"ESCUELA REPUBLICA DE ISRAEL E-927\",\"description\":\"200 a\u00f1os Los \u00c1ngeles  \",\"publisher\":{\"@id\":\"https:\/\/www.escuelaisrael927.cl\/wordpress\/#organization\"},\"potentialAction\":[{\"@type\":\"SearchAction\",\"target\":{\"@type\":\"EntryPoint\",\"urlTemplate\":\"https:\/\/www.escuelaisrael927.cl\/wordpress\/?s={search_term_string}\"},\"query-input\":\"required name=search_term_string\"}],\"inLanguage\":\"es\"},{\"@type\":\"Organization\",\"@id\":\"https:\/\/www.escuelaisrael927.cl\/wordpress\/#organization\",\"name\":\"Escuela Republica de Israel\",\"url\":\"https:\/\/www.escuelaisrael927.cl\/wordpress\/\",\"logo\":{\"@type\":\"ImageObject\",\"inLanguage\":\"es\",\"@id\":\"https:\/\/www.escuelaisrael927.cl\/wordpress\/#\/schema\/logo\/image\/\",\"url\":\"https:\/\/www.escuelaisrael927.cl\/wordpress\/wp-content\/uploads\/2021\/04\/logo11.png\",\"contentUrl\":\"https:\/\/www.escuelaisrael927.cl\/wordpress\/wp-content\/uploads\/2021\/04\/logo11.png\",\"width\":512,\"height\":518,\"caption\":\"Escuela Republica de Israel\"},\"image\":{\"@id\":\"https:\/\/www.escuelaisrael927.cl\/wordpress\/#\/schema\/logo\/image\/\"},\"sameAs\":[\"https:\/\/www.facebook.com\/Escuela-Rep\u00fablica-de-Israel-Los-\u00c1ngeles-1828716017412048\"]},{\"@type\":\"Person\",\"@id\":\"\"}]}<\/script>\n<!-- \/ Yoast SEO plugin. -->","yoast_head_json":{"title":"D\u00eda mundial del medio Ambiente - ESCUELA REP\u00daBLICA DE ISRAEL E-927","robots":{"index":"index","follow":"follow","max-snippet":"max-snippet:-1","max-image-preview":"max-image-preview:large","max-video-preview":"max-video-preview:-1"},"canonical":"https:\/\/www.escuelaisrael927.cl\/wordpress\/index.php\/2021\/06\/05\/dia-mundial-del-medio-ambiente\/","og_locale":"es_ES","og_type":"article","og_title":"D\u00eda mundial del medio Ambiente - ESCUELA REP\u00daBLICA DE ISRAEL E-927","og_description":"El 5 de junio se conmemor\u00f3 el D\u00eda Mundial del Medioambiente, fecha establecida por la Asamblea General de las Naciones Unidas en 1973. Nosotros como escuela nos sumamos una vez m\u00e1s a esta fecha, creando conciencia de lo que debemos hacer o no para el cuidado de nuestro planeta.Seamos responsable de lo que est\u00e1 pasando [&hellip;]","og_url":"https:\/\/www.escuelaisrael927.cl\/wordpress\/index.php\/2021\/06\/05\/dia-mundial-del-medio-ambiente\/","og_site_name":"ESCUELA REP\u00daBLICA DE ISRAEL E-927","article_publisher":"https:\/\/www.facebook.com\/Escuela-Rep%c3%bablica-de-Israel-Los-%c3%81ngeles-1828716017412048","article_published_time":"2021-06-05T14:03:58+00:00","article_modified_time":"2024-03-20T18:28:46+00:00","og_image":[{"width":1273,"height":637,"url":"https:\/\/www.escuelaisrael927.cl\/wordpress\/wp-content\/uploads\/2021\/06\/Captura.jpg","type":"image\/jpeg"}],"twitter_card":"summary_large_image","twitter_misc":{"Escrito por":"","Tiempo de lectura":"1 minuto"},"schema":{"@context":"https:\/\/schema.org","@graph":[{"@type":"Article","@id":"https:\/\/www.escuelaisrael927.cl\/wordpress\/index.php\/2021\/06\/05\/dia-mundial-del-medio-ambiente\/#article","isPartOf":{"@id":"https:\/\/www.escuelaisrael927.cl\/wordpress\/index.php\/2021\/06\/05\/dia-mundial-del-medio-ambiente\/"},"author":{"name":"","@id":""},"headline":"D\u00eda mundial del medio Ambiente","datePublished":"2021-06-05T14:03:58+00:00","dateModified":"2024-03-20T18:28:46+00:00","mainEntityOfPage":{"@id":"https:\/\/www.escuelaisrael927.cl\/wordpress\/index.php\/2021\/06\/05\/dia-mundial-del-medio-ambiente\/"},"wordCount":70,"publisher":{"@id":"https:\/\/www.escuelaisrael927.cl\/wordpress\/#organization"},"image":{"@id":"https:\/\/www.escuelaisrael927.cl\/wordpress\/index.php\/2021\/06\/05\/dia-mundial-del-medio-ambiente\/#primaryimage"},"thumbnailUrl":"https:\/\/www.escuelaisrael927.cl\/wordpress\/wp-content\/uploads\/2021\/06\/Captura.jpg","articleSection":["Informacion Escuela Israel"],"inLanguage":"es"},{"@type":"WebPage","@id":"https:\/\/www.escuelaisrael927.cl\/wordpress\/index.php\/2021\/06\/05\/dia-mundial-del-medio-ambiente\/","url":"https:\/\/www.escuelaisrael927.cl\/wordpress\/index.php\/2021\/06\/05\/dia-mundial-del-medio-ambiente\/","name":"D\u00eda mundial del medio Ambiente - ESCUELA REP\u00daBLICA DE ISRAEL E-927","isPartOf":{"@id":"https:\/\/www.escuelaisrael927.cl\/wordpress\/#website"},"primaryImageOfPage":{"@id":"https:\/\/www.escuelaisrael927.cl\/wordpress\/index.php\/2021\/06\/05\/dia-mundial-del-medio-ambiente\/#primaryimage"},"image":{"@id":"https:\/\/www.escuelaisrael927.cl\/wordpress\/index.php\/2021\/06\/05\/dia-mundial-del-medio-ambiente\/#primaryimage"},"thumbnailUrl":"https:\/\/www.escuelaisrael927.cl\/wordpress\/wp-content\/uploads\/2021\/06\/Captura.jpg","datePublished":"2021-06-05T14:03:58+00:00","dateModified":"2024-03-20T18:28:46+00:00","breadcrumb":{"@id":"https:\/\/www.escuelaisrael927.cl\/wordpress\/index.php\/2021\/06\/05\/dia-mundial-del-medio-ambiente\/#breadcrumb"},"inLanguage":"es","potentialAction":[{"@type":"ReadAction","target":["https:\/\/www.escuelaisrael927.cl\/wordpress\/index.php\/2021\/06\/05\/dia-mundial-del-medio-ambiente\/"]}]},{"@type":"ImageObject","inLanguage":"es","@id":"https:\/\/www.escuelaisrael927.cl\/wordpress\/index.php\/2021\/06\/05\/dia-mundial-del-medio-ambiente\/#primaryimage","url":"https:\/\/www.escuelaisrael927.cl\/wordpress\/wp-content\/uploads\/2021\/06\/Captura.jpg","contentUrl":"https:\/\/www.escuelaisrael927.cl\/wordpress\/wp-content\/uploads\/2021\/06\/Captura.jpg","width":1273,"height":637},{"@type":"BreadcrumbList","@id":"https:\/\/www.escuelaisrael927.cl\/wordpress\/index.php\/2021\/06\/05\/dia-mundial-del-medio-ambiente\/#breadcrumb","itemListElement":[{"@type":"ListItem","position":1,"name":"Portada","item":"https:\/\/www.escuelaisrael927.cl\/wordpress\/"},{"@type":"ListItem","position":2,"name":"D\u00eda mundial del medio Ambiente"}]},{"@type":"WebSite","@id":"https:\/\/www.escuelaisrael927.cl\/wordpress\/#website","url":"https:\/\/www.escuelaisrael927.cl\/wordpress\/","name":"ESCUELA REPUBLICA DE ISRAEL E-927","description":"200 a\u00f1os Los \u00c1ngeles  ","publisher":{"@id":"https:\/\/www.escuelaisrael927.cl\/wordpress\/#organization"},"potentialAction":[{"@type":"SearchAction","target":{"@type":"EntryPoint","urlTemplate":"https:\/\/www.escuelaisrael927.cl\/wordpress\/?s={search_term_string}"},"query-input":"required name=search_term_string"}],"inLanguage":"es"},{"@type":"Organization","@id":"https:\/\/www.escuelaisrael927.cl\/wordpress\/#organization","name":"Escuela Republica de Israel","url":"https:\/\/www.escuelaisrael927.cl\/wordpress\/","logo":{"@type":"ImageObject","inLanguage":"es","@id":"https:\/\/www.escuelaisrael927.cl\/wordpress\/#\/schema\/logo\/image\/","url":"https:\/\/www.escuelaisrael927.cl\/wordpress\/wp-content\/uploads\/2021\/04\/logo11.png","contentUrl":"https:\/\/www.escuelaisrael927.cl\/wordpress\/wp-content\/uploads\/2021\/04\/logo11.png","width":512,"height":518,"caption":"Escuela Republica de Israel"},"image":{"@id":"https:\/\/www.escuelaisrael927.cl\/wordpress\/#\/schema\/logo\/image\/"},"sameAs":["https:\/\/www.facebook.com\/Escuela-Rep\u00fablica-de-Israel-Los-\u00c1ngeles-1828716017412048"]},{"@type":"Person","@id":""}]}},"_links":{"self":[{"href":"https:\/\/www.escuelaisrael927.cl\/wordpress\/index.php\/wp-json\/wp\/v2\/posts\/303","targetHints":{"allow":["GET"]}}],"collection":[{"href":"https:\/\/www.escuelaisrael927.cl\/wordpress\/index.php\/wp-json\/wp\/v2\/posts"}],"about":[{"href":"https:\/\/www.escuelaisrael927.cl\/wordpress\/index.php\/wp-json\/wp\/v2\/types\/post"}],"author":[{"embeddable":true,"href":"https:\/\/www.escuelaisrael927.cl\/wordpress\/index.php\/wp-json\/wp\/v2\/users\/1"}],"replies":[{"embeddable":true,"href":"https:\/\/www.escuelaisrael927.cl\/wordpress\/index.php\/wp-json\/wp\/v2\/comments?post=303"}],"version-history":[{"count":2,"href":"https:\/\/www.escuelaisrael927.cl\/wordpress\/index.php\/wp-json\/wp\/v2\/posts\/303\/revisions"}],"predecessor-version":[{"id":319,"href":"https:\/\/www.escuelaisrael927.cl\/wordpress\/index.php\/wp-json\/wp\/v2\/posts\/303\/revisions\/319"}],"wp:featuredmedia":[{"embeddable":true,"href":"https:\/\/www.escuelaisrael927.cl\/wordpress\/index.php\/wp-json\/wp\/v2\/media\/318"}],"wp:attachment":[{"href":"https:\/\/www.escuelaisrael927.cl\/wordpress\/index.php\/wp-json\/wp\/v2\/media?parent=303"}],"wp:term":[{"taxonomy":"category","embeddable":true,"href":"https:\/\/www.escuelaisrael927.cl\/wordpress\/index.php\/wp-json\/wp\/v2\/categories?post=303"},{"taxonomy":"post_tag","embeddable":true,"href":"https:\/\/www.escuelaisrael927.cl\/wordpress\/index.php\/wp-json\/wp\/v2\/tags?post=303"}],"curies":[{"name":"wp","href":"https:\/\/api.w.org\/{rel}","templated":true}]}}