{"id":1695,"date":"2025-03-10T13:32:34","date_gmt":"2025-03-10T16:32:34","guid":{"rendered":"https:\/\/www.escuelaisrael927.cl\/wordpress\/?p=1695"},"modified":"2025-03-10T13:35:18","modified_gmt":"2025-03-10T16:35:18","slug":"conmemoracion-del-dia-de-la-mujer-educando-para-la-paz","status":"publish","type":"post","link":"https:\/\/www.escuelaisrael927.cl\/wordpress\/index.php\/2025\/03\/10\/conmemoracion-del-dia-de-la-mujer-educando-para-la-paz\/","title":{"rendered":"CONMEMORACI\u00d3N DEL D\u00cdA DE LA MUJER &#8221; EDUCANDO PARA LA PAZ&#8221;"},"content":{"rendered":"\n<p class=\"has-dark-blue-color has-text-color has-link-color has-normal-font-size wp-elements-a9c6bc1f9457d62b508c9892743933ca\">Hoy concientizamos y recordamos la lucha que han tenido las mujeres por la validaci\u00f3n y obtenci\u00f3n de sus derechos, este\u00a0 d\u00eda\u00a0no representa tan solo la lucha de las mujeres y su reconocimiento en nuestra sociedad, si no tambi\u00e9n visibiliza la violencia de g\u00e9nero que existe hasta el d\u00eda de hoy entre hombres y mujeres, permitiendo el cambio de las relaciones sociales que conduzca a la liberaci\u00f3n tanto de hombres y mujeres a trav\u00e9s de eliminar las jerarqu\u00edas y desigualdades entre los sexos, porque hoy ni\u00f1as y ni\u00f1os pueden jugar a los mismos juegos, como por ejemplo las ni\u00f1as pueden jugar a la pelota, como los ni\u00f1os pueden jugar a la cocina.<\/p>\n\n\n\n<p class=\"has-dark-blue-color has-text-color has-link-color has-normal-font-size wp-elements-37e78e64c3fa881812018f657c388af6\">Por qu\u00e9 en esta escuela se educa para la paz y se busca erradicar cualquier forma de violencia.<\/p>\n\n\n\n<p class=\"has-dark-blue-color has-text-color has-link-color has-normal-font-size wp-elements-d88dda0dd6aeb4fa302465424d6890b9\">Por lo que hoy se realizan diferentes intervenciones en nuestro establecimiento, desde reconocer y concientizar el valor de la mujer en la sociedad, como tambi\u00e9n la valorizaci\u00f3n y&nbsp; fortalecimiento de su autoestima.<\/p>\n\n\n\n<figure class=\"wp-block-video\"><video height=\"850\" style=\"aspect-ratio: 478 \/ 850;\" width=\"478\" controls poster=\"https:\/\/www.escuelaisrael927.cl\/wordpress\/wp-content\/uploads\/2025\/03\/WhatsApp-Image-2025-03-10-at-11.50.06-1.jpeg\" src=\"https:\/\/www.escuelaisrael927.cl\/wordpress\/wp-content\/uploads\/2025\/03\/WhatsApp-Video-2025-03-10-at-11.50.23.mp4\"><\/video><\/figure>\n\n\n\n<p><\/p>\n","protected":false},"excerpt":{"rendered":"<p>Hoy concientizamos y recordamos la lucha que han tenido las mujeres por la validaci\u00f3n y obtenci\u00f3n de sus derechos, este\u00a0 d\u00eda\u00a0no representa tan solo la lucha de las mujeres y su reconocimiento en nuestra sociedad, si no tambi\u00e9n visibiliza la violencia de g\u00e9nero que existe hasta el d\u00eda de hoy entre hombres y mujeres, permitiendo [&hellip;]<\/p>\n","protected":false},"author":3,"featured_media":1697,"comment_status":"closed","ping_status":"closed","sticky":false,"template":"","format":"standard","meta":{"footnotes":""},"categories":[4],"tags":[],"class_list":["post-1695","post","type-post","status-publish","format-standard","has-post-thumbnail","hentry","category-informacion-escuela-israel"],"yoast_head":"<!-- This site is optimized with the Yoast SEO plugin v22.8 - https:\/\/yoast.com\/wordpress\/plugins\/seo\/ -->\n<title>CONMEMORACI\u00d3N DEL D\u00cdA DE LA MUJER &quot; EDUCANDO PARA LA PAZ&quot; - ESCUELA REP\u00daBLICA DE ISRAEL E-927<\/title>\n<meta name=\"robots\" content=\"index, follow, max-snippet:-1, max-image-preview:large, max-video-preview:-1\" \/>\n<link rel=\"canonical\" href=\"https:\/\/www.escuelaisrael927.cl\/wordpress\/index.php\/2025\/03\/10\/conmemoracion-del-dia-de-la-mujer-educando-para-la-paz\/\" \/>\n<meta property=\"og:locale\" content=\"es_ES\" \/>\n<meta property=\"og:type\" content=\"article\" \/>\n<meta property=\"og:title\" content=\"CONMEMORACI\u00d3N DEL D\u00cdA DE LA MUJER &quot; EDUCANDO PARA LA PAZ&quot; - ESCUELA REP\u00daBLICA DE ISRAEL E-927\" \/>\n<meta property=\"og:description\" content=\"Hoy concientizamos y recordamos la lucha que han tenido las mujeres por la validaci\u00f3n y obtenci\u00f3n de sus derechos, este\u00a0 d\u00eda\u00a0no representa tan solo la lucha de las mujeres y su reconocimiento en nuestra sociedad, si no tambi\u00e9n visibiliza la violencia de g\u00e9nero que existe hasta el d\u00eda de hoy entre hombres y mujeres, permitiendo [&hellip;]\" \/>\n<meta property=\"og:url\" content=\"https:\/\/www.escuelaisrael927.cl\/wordpress\/index.php\/2025\/03\/10\/conmemoracion-del-dia-de-la-mujer-educando-para-la-paz\/\" \/>\n<meta property=\"og:site_name\" content=\"ESCUELA REP\u00daBLICA DE ISRAEL E-927\" \/>\n<meta property=\"article:publisher\" content=\"https:\/\/www.facebook.com\/Escuela-Rep%c3%bablica-de-Israel-Los-%c3%81ngeles-1828716017412048\" \/>\n<meta property=\"article:published_time\" content=\"2025-03-10T16:32:34+00:00\" \/>\n<meta property=\"article:modified_time\" content=\"2025-03-10T16:35:18+00:00\" \/>\n<meta property=\"og:image\" content=\"https:\/\/www.escuelaisrael927.cl\/wordpress\/wp-content\/uploads\/2025\/03\/WhatsApp-Image-2025-03-10-at-11.50.06-1.jpeg\" \/>\n\t<meta property=\"og:image:width\" content=\"1600\" \/>\n\t<meta property=\"og:image:height\" content=\"1200\" \/>\n\t<meta property=\"og:image:type\" content=\"image\/jpeg\" \/>\n<meta name=\"author\" content=\"Escuela Republica de Israel\" \/>\n<meta name=\"twitter:card\" content=\"summary_large_image\" \/>\n<meta name=\"twitter:label1\" content=\"Escrito por\" \/>\n\t<meta name=\"twitter:data1\" content=\"Escuela Republica de Israel\" \/>\n\t<meta name=\"twitter:label2\" content=\"Tiempo de lectura\" \/>\n\t<meta name=\"twitter:data2\" content=\"1 minuto\" \/>\n<script type=\"application\/ld+json\" class=\"yoast-schema-graph\">{\"@context\":\"https:\/\/schema.org\",\"@graph\":[{\"@type\":\"Article\",\"@id\":\"https:\/\/www.escuelaisrael927.cl\/wordpress\/index.php\/2025\/03\/10\/conmemoracion-del-dia-de-la-mujer-educando-para-la-paz\/#article\",\"isPartOf\":{\"@id\":\"https:\/\/www.escuelaisrael927.cl\/wordpress\/index.php\/2025\/03\/10\/conmemoracion-del-dia-de-la-mujer-educando-para-la-paz\/\"},\"author\":{\"name\":\"Escuela Republica de Israel\",\"@id\":\"https:\/\/www.escuelaisrael927.cl\/wordpress\/#\/schema\/person\/f71419fd128820416a7c256ea88efa1b\"},\"headline\":\"CONMEMORACI\u00d3N DEL D\u00cdA DE LA MUJER &#8221; EDUCANDO PARA LA PAZ&#8221;\",\"datePublished\":\"2025-03-10T16:32:34+00:00\",\"dateModified\":\"2025-03-10T16:35:18+00:00\",\"mainEntityOfPage\":{\"@id\":\"https:\/\/www.escuelaisrael927.cl\/wordpress\/index.php\/2025\/03\/10\/conmemoracion-del-dia-de-la-mujer-educando-para-la-paz\/\"},\"wordCount\":190,\"publisher\":{\"@id\":\"https:\/\/www.escuelaisrael927.cl\/wordpress\/#organization\"},\"image\":{\"@id\":\"https:\/\/www.escuelaisrael927.cl\/wordpress\/index.php\/2025\/03\/10\/conmemoracion-del-dia-de-la-mujer-educando-para-la-paz\/#primaryimage\"},\"thumbnailUrl\":\"https:\/\/www.escuelaisrael927.cl\/wordpress\/wp-content\/uploads\/2025\/03\/WhatsApp-Image-2025-03-10-at-11.50.06-1.jpeg\",\"articleSection\":[\"Informacion Escuela Israel\"],\"inLanguage\":\"es\"},{\"@type\":\"WebPage\",\"@id\":\"https:\/\/www.escuelaisrael927.cl\/wordpress\/index.php\/2025\/03\/10\/conmemoracion-del-dia-de-la-mujer-educando-para-la-paz\/\",\"url\":\"https:\/\/www.escuelaisrael927.cl\/wordpress\/index.php\/2025\/03\/10\/conmemoracion-del-dia-de-la-mujer-educando-para-la-paz\/\",\"name\":\"CONMEMORACI\u00d3N DEL D\u00cdA DE LA MUJER \\\" EDUCANDO PARA LA PAZ\\\" - ESCUELA REP\u00daBLICA DE ISRAEL E-927\",\"isPartOf\":{\"@id\":\"https:\/\/www.escuelaisrael927.cl\/wordpress\/#website\"},\"primaryImageOfPage\":{\"@id\":\"https:\/\/www.escuelaisrael927.cl\/wordpress\/index.php\/2025\/03\/10\/conmemoracion-del-dia-de-la-mujer-educando-para-la-paz\/#primaryimage\"},\"image\":{\"@id\":\"https:\/\/www.escuelaisrael927.cl\/wordpress\/index.php\/2025\/03\/10\/conmemoracion-del-dia-de-la-mujer-educando-para-la-paz\/#primaryimage\"},\"thumbnailUrl\":\"https:\/\/www.escuelaisrael927.cl\/wordpress\/wp-content\/uploads\/2025\/03\/WhatsApp-Image-2025-03-10-at-11.50.06-1.jpeg\",\"datePublished\":\"2025-03-10T16:32:34+00:00\",\"dateModified\":\"2025-03-10T16:35:18+00:00\",\"breadcrumb\":{\"@id\":\"https:\/\/www.escuelaisrael927.cl\/wordpress\/index.php\/2025\/03\/10\/conmemoracion-del-dia-de-la-mujer-educando-para-la-paz\/#breadcrumb\"},\"inLanguage\":\"es\",\"potentialAction\":[{\"@type\":\"ReadAction\",\"target\":[\"https:\/\/www.escuelaisrael927.cl\/wordpress\/index.php\/2025\/03\/10\/conmemoracion-del-dia-de-la-mujer-educando-para-la-paz\/\"]}]},{\"@type\":\"ImageObject\",\"inLanguage\":\"es\",\"@id\":\"https:\/\/www.escuelaisrael927.cl\/wordpress\/index.php\/2025\/03\/10\/conmemoracion-del-dia-de-la-mujer-educando-para-la-paz\/#primaryimage\",\"url\":\"https:\/\/www.escuelaisrael927.cl\/wordpress\/wp-content\/uploads\/2025\/03\/WhatsApp-Image-2025-03-10-at-11.50.06-1.jpeg\",\"contentUrl\":\"https:\/\/www.escuelaisrael927.cl\/wordpress\/wp-content\/uploads\/2025\/03\/WhatsApp-Image-2025-03-10-at-11.50.06-1.jpeg\",\"width\":1600,\"height\":1200},{\"@type\":\"BreadcrumbList\",\"@id\":\"https:\/\/www.escuelaisrael927.cl\/wordpress\/index.php\/2025\/03\/10\/conmemoracion-del-dia-de-la-mujer-educando-para-la-paz\/#breadcrumb\",\"itemListElement\":[{\"@type\":\"ListItem\",\"position\":1,\"name\":\"Portada\",\"item\":\"https:\/\/www.escuelaisrael927.cl\/wordpress\/\"},{\"@type\":\"ListItem\",\"position\":2,\"name\":\"CONMEMORACI\u00d3N DEL D\u00cdA DE LA MUJER &#8221; EDUCANDO PARA LA PAZ&#8221;\"}]},{\"@type\":\"WebSite\",\"@id\":\"https:\/\/www.escuelaisrael927.cl\/wordpress\/#website\",\"url\":\"https:\/\/www.escuelaisrael927.cl\/wordpress\/\",\"name\":\"ESCUELA REPUBLICA DE ISRAEL E-927\",\"description\":\"200 a\u00f1os Los \u00c1ngeles  \",\"publisher\":{\"@id\":\"https:\/\/www.escuelaisrael927.cl\/wordpress\/#organization\"},\"potentialAction\":[{\"@type\":\"SearchAction\",\"target\":{\"@type\":\"EntryPoint\",\"urlTemplate\":\"https:\/\/www.escuelaisrael927.cl\/wordpress\/?s={search_term_string}\"},\"query-input\":\"required name=search_term_string\"}],\"inLanguage\":\"es\"},{\"@type\":\"Organization\",\"@id\":\"https:\/\/www.escuelaisrael927.cl\/wordpress\/#organization\",\"name\":\"Escuela Republica de Israel\",\"url\":\"https:\/\/www.escuelaisrael927.cl\/wordpress\/\",\"logo\":{\"@type\":\"ImageObject\",\"inLanguage\":\"es\",\"@id\":\"https:\/\/www.escuelaisrael927.cl\/wordpress\/#\/schema\/logo\/image\/\",\"url\":\"https:\/\/www.escuelaisrael927.cl\/wordpress\/wp-content\/uploads\/2021\/04\/logo11.png\",\"contentUrl\":\"https:\/\/www.escuelaisrael927.cl\/wordpress\/wp-content\/uploads\/2021\/04\/logo11.png\",\"width\":512,\"height\":518,\"caption\":\"Escuela Republica de Israel\"},\"image\":{\"@id\":\"https:\/\/www.escuelaisrael927.cl\/wordpress\/#\/schema\/logo\/image\/\"},\"sameAs\":[\"https:\/\/www.facebook.com\/Escuela-Rep\u00fablica-de-Israel-Los-\u00c1ngeles-1828716017412048\"]},{\"@type\":\"Person\",\"@id\":\"https:\/\/www.escuelaisrael927.cl\/wordpress\/#\/schema\/person\/f71419fd128820416a7c256ea88efa1b\",\"name\":\"Escuela Republica de Israel\",\"image\":{\"@type\":\"ImageObject\",\"inLanguage\":\"es\",\"@id\":\"https:\/\/www.escuelaisrael927.cl\/wordpress\/#\/schema\/person\/image\/\",\"url\":\"https:\/\/secure.gravatar.com\/avatar\/79eacce04da4952f84601a144d64f0b548c7c7a53142bb8e3291a67dd21dadef?s=96&d=mm&r=g\",\"contentUrl\":\"https:\/\/secure.gravatar.com\/avatar\/79eacce04da4952f84601a144d64f0b548c7c7a53142bb8e3291a67dd21dadef?s=96&d=mm&r=g\",\"caption\":\"Escuela Republica de Israel\"},\"sameAs\":[\"https:\/\/www.escuelaisrael927.cl\/wordpress\/\"]}]}<\/script>\n<!-- \/ Yoast SEO plugin. -->","yoast_head_json":{"title":"CONMEMORACI\u00d3N DEL D\u00cdA DE LA MUJER \" EDUCANDO PARA LA PAZ\" - ESCUELA REP\u00daBLICA DE ISRAEL E-927","robots":{"index":"index","follow":"follow","max-snippet":"max-snippet:-1","max-image-preview":"max-image-preview:large","max-video-preview":"max-video-preview:-1"},"canonical":"https:\/\/www.escuelaisrael927.cl\/wordpress\/index.php\/2025\/03\/10\/conmemoracion-del-dia-de-la-mujer-educando-para-la-paz\/","og_locale":"es_ES","og_type":"article","og_title":"CONMEMORACI\u00d3N DEL D\u00cdA DE LA MUJER \" EDUCANDO PARA LA PAZ\" - ESCUELA REP\u00daBLICA DE ISRAEL E-927","og_description":"Hoy concientizamos y recordamos la lucha que han tenido las mujeres por la validaci\u00f3n y obtenci\u00f3n de sus derechos, este\u00a0 d\u00eda\u00a0no representa tan solo la lucha de las mujeres y su reconocimiento en nuestra sociedad, si no tambi\u00e9n visibiliza la violencia de g\u00e9nero que existe hasta el d\u00eda de hoy entre hombres y mujeres, permitiendo [&hellip;]","og_url":"https:\/\/www.escuelaisrael927.cl\/wordpress\/index.php\/2025\/03\/10\/conmemoracion-del-dia-de-la-mujer-educando-para-la-paz\/","og_site_name":"ESCUELA REP\u00daBLICA DE ISRAEL E-927","article_publisher":"https:\/\/www.facebook.com\/Escuela-Rep%c3%bablica-de-Israel-Los-%c3%81ngeles-1828716017412048","article_published_time":"2025-03-10T16:32:34+00:00","article_modified_time":"2025-03-10T16:35:18+00:00","og_image":[{"width":1600,"height":1200,"url":"https:\/\/www.escuelaisrael927.cl\/wordpress\/wp-content\/uploads\/2025\/03\/WhatsApp-Image-2025-03-10-at-11.50.06-1.jpeg","type":"image\/jpeg"}],"author":"Escuela Republica de Israel","twitter_card":"summary_large_image","twitter_misc":{"Escrito por":"Escuela Republica de Israel","Tiempo de lectura":"1 minuto"},"schema":{"@context":"https:\/\/schema.org","@graph":[{"@type":"Article","@id":"https:\/\/www.escuelaisrael927.cl\/wordpress\/index.php\/2025\/03\/10\/conmemoracion-del-dia-de-la-mujer-educando-para-la-paz\/#article","isPartOf":{"@id":"https:\/\/www.escuelaisrael927.cl\/wordpress\/index.php\/2025\/03\/10\/conmemoracion-del-dia-de-la-mujer-educando-para-la-paz\/"},"author":{"name":"Escuela Republica de Israel","@id":"https:\/\/www.escuelaisrael927.cl\/wordpress\/#\/schema\/person\/f71419fd128820416a7c256ea88efa1b"},"headline":"CONMEMORACI\u00d3N DEL D\u00cdA DE LA MUJER &#8221; EDUCANDO PARA LA PAZ&#8221;","datePublished":"2025-03-10T16:32:34+00:00","dateModified":"2025-03-10T16:35:18+00:00","mainEntityOfPage":{"@id":"https:\/\/www.escuelaisrael927.cl\/wordpress\/index.php\/2025\/03\/10\/conmemoracion-del-dia-de-la-mujer-educando-para-la-paz\/"},"wordCount":190,"publisher":{"@id":"https:\/\/www.escuelaisrael927.cl\/wordpress\/#organization"},"image":{"@id":"https:\/\/www.escuelaisrael927.cl\/wordpress\/index.php\/2025\/03\/10\/conmemoracion-del-dia-de-la-mujer-educando-para-la-paz\/#primaryimage"},"thumbnailUrl":"https:\/\/www.escuelaisrael927.cl\/wordpress\/wp-content\/uploads\/2025\/03\/WhatsApp-Image-2025-03-10-at-11.50.06-1.jpeg","articleSection":["Informacion Escuela Israel"],"inLanguage":"es"},{"@type":"WebPage","@id":"https:\/\/www.escuelaisrael927.cl\/wordpress\/index.php\/2025\/03\/10\/conmemoracion-del-dia-de-la-mujer-educando-para-la-paz\/","url":"https:\/\/www.escuelaisrael927.cl\/wordpress\/index.php\/2025\/03\/10\/conmemoracion-del-dia-de-la-mujer-educando-para-la-paz\/","name":"CONMEMORACI\u00d3N DEL D\u00cdA DE LA MUJER \" EDUCANDO PARA LA PAZ\" - ESCUELA REP\u00daBLICA DE ISRAEL E-927","isPartOf":{"@id":"https:\/\/www.escuelaisrael927.cl\/wordpress\/#website"},"primaryImageOfPage":{"@id":"https:\/\/www.escuelaisrael927.cl\/wordpress\/index.php\/2025\/03\/10\/conmemoracion-del-dia-de-la-mujer-educando-para-la-paz\/#primaryimage"},"image":{"@id":"https:\/\/www.escuelaisrael927.cl\/wordpress\/index.php\/2025\/03\/10\/conmemoracion-del-dia-de-la-mujer-educando-para-la-paz\/#primaryimage"},"thumbnailUrl":"https:\/\/www.escuelaisrael927.cl\/wordpress\/wp-content\/uploads\/2025\/03\/WhatsApp-Image-2025-03-10-at-11.50.06-1.jpeg","datePublished":"2025-03-10T16:32:34+00:00","dateModified":"2025-03-10T16:35:18+00:00","breadcrumb":{"@id":"https:\/\/www.escuelaisrael927.cl\/wordpress\/index.php\/2025\/03\/10\/conmemoracion-del-dia-de-la-mujer-educando-para-la-paz\/#breadcrumb"},"inLanguage":"es","potentialAction":[{"@type":"ReadAction","target":["https:\/\/www.escuelaisrael927.cl\/wordpress\/index.php\/2025\/03\/10\/conmemoracion-del-dia-de-la-mujer-educando-para-la-paz\/"]}]},{"@type":"ImageObject","inLanguage":"es","@id":"https:\/\/www.escuelaisrael927.cl\/wordpress\/index.php\/2025\/03\/10\/conmemoracion-del-dia-de-la-mujer-educando-para-la-paz\/#primaryimage","url":"https:\/\/www.escuelaisrael927.cl\/wordpress\/wp-content\/uploads\/2025\/03\/WhatsApp-Image-2025-03-10-at-11.50.06-1.jpeg","contentUrl":"https:\/\/www.escuelaisrael927.cl\/wordpress\/wp-content\/uploads\/2025\/03\/WhatsApp-Image-2025-03-10-at-11.50.06-1.jpeg","width":1600,"height":1200},{"@type":"BreadcrumbList","@id":"https:\/\/www.escuelaisrael927.cl\/wordpress\/index.php\/2025\/03\/10\/conmemoracion-del-dia-de-la-mujer-educando-para-la-paz\/#breadcrumb","itemListElement":[{"@type":"ListItem","position":1,"name":"Portada","item":"https:\/\/www.escuelaisrael927.cl\/wordpress\/"},{"@type":"ListItem","position":2,"name":"CONMEMORACI\u00d3N DEL D\u00cdA DE LA MUJER &#8221; EDUCANDO PARA LA PAZ&#8221;"}]},{"@type":"WebSite","@id":"https:\/\/www.escuelaisrael927.cl\/wordpress\/#website","url":"https:\/\/www.escuelaisrael927.cl\/wordpress\/","name":"ESCUELA REPUBLICA DE ISRAEL E-927","description":"200 a\u00f1os Los \u00c1ngeles  ","publisher":{"@id":"https:\/\/www.escuelaisrael927.cl\/wordpress\/#organization"},"potentialAction":[{"@type":"SearchAction","target":{"@type":"EntryPoint","urlTemplate":"https:\/\/www.escuelaisrael927.cl\/wordpress\/?s={search_term_string}"},"query-input":"required name=search_term_string"}],"inLanguage":"es"},{"@type":"Organization","@id":"https:\/\/www.escuelaisrael927.cl\/wordpress\/#organization","name":"Escuela Republica de Israel","url":"https:\/\/www.escuelaisrael927.cl\/wordpress\/","logo":{"@type":"ImageObject","inLanguage":"es","@id":"https:\/\/www.escuelaisrael927.cl\/wordpress\/#\/schema\/logo\/image\/","url":"https:\/\/www.escuelaisrael927.cl\/wordpress\/wp-content\/uploads\/2021\/04\/logo11.png","contentUrl":"https:\/\/www.escuelaisrael927.cl\/wordpress\/wp-content\/uploads\/2021\/04\/logo11.png","width":512,"height":518,"caption":"Escuela Republica de Israel"},"image":{"@id":"https:\/\/www.escuelaisrael927.cl\/wordpress\/#\/schema\/logo\/image\/"},"sameAs":["https:\/\/www.facebook.com\/Escuela-Rep\u00fablica-de-Israel-Los-\u00c1ngeles-1828716017412048"]},{"@type":"Person","@id":"https:\/\/www.escuelaisrael927.cl\/wordpress\/#\/schema\/person\/f71419fd128820416a7c256ea88efa1b","name":"Escuela Republica de Israel","image":{"@type":"ImageObject","inLanguage":"es","@id":"https:\/\/www.escuelaisrael927.cl\/wordpress\/#\/schema\/person\/image\/","url":"https:\/\/secure.gravatar.com\/avatar\/79eacce04da4952f84601a144d64f0b548c7c7a53142bb8e3291a67dd21dadef?s=96&d=mm&r=g","contentUrl":"https:\/\/secure.gravatar.com\/avatar\/79eacce04da4952f84601a144d64f0b548c7c7a53142bb8e3291a67dd21dadef?s=96&d=mm&r=g","caption":"Escuela Republica de Israel"},"sameAs":["https:\/\/www.escuelaisrael927.cl\/wordpress\/"]}]}},"_links":{"self":[{"href":"https:\/\/www.escuelaisrael927.cl\/wordpress\/index.php\/wp-json\/wp\/v2\/posts\/1695","targetHints":{"allow":["GET"]}}],"collection":[{"href":"https:\/\/www.escuelaisrael927.cl\/wordpress\/index.php\/wp-json\/wp\/v2\/posts"}],"about":[{"href":"https:\/\/www.escuelaisrael927.cl\/wordpress\/index.php\/wp-json\/wp\/v2\/types\/post"}],"author":[{"embeddable":true,"href":"https:\/\/www.escuelaisrael927.cl\/wordpress\/index.php\/wp-json\/wp\/v2\/users\/3"}],"replies":[{"embeddable":true,"href":"https:\/\/www.escuelaisrael927.cl\/wordpress\/index.php\/wp-json\/wp\/v2\/comments?post=1695"}],"version-history":[{"count":1,"href":"https:\/\/www.escuelaisrael927.cl\/wordpress\/index.php\/wp-json\/wp\/v2\/posts\/1695\/revisions"}],"predecessor-version":[{"id":1698,"href":"https:\/\/www.escuelaisrael927.cl\/wordpress\/index.php\/wp-json\/wp\/v2\/posts\/1695\/revisions\/1698"}],"wp:featuredmedia":[{"embeddable":true,"href":"https:\/\/www.escuelaisrael927.cl\/wordpress\/index.php\/wp-json\/wp\/v2\/media\/1697"}],"wp:attachment":[{"href":"https:\/\/www.escuelaisrael927.cl\/wordpress\/index.php\/wp-json\/wp\/v2\/media?parent=1695"}],"wp:term":[{"taxonomy":"category","embeddable":true,"href":"https:\/\/www.escuelaisrael927.cl\/wordpress\/index.php\/wp-json\/wp\/v2\/categories?post=1695"},{"taxonomy":"post_tag","embeddable":true,"href":"https:\/\/www.escuelaisrael927.cl\/wordpress\/index.php\/wp-json\/wp\/v2\/tags?post=1695"}],"curies":[{"name":"wp","href":"https:\/\/api.w.org\/{rel}","templated":true}]}}